{"id":1945,"date":"2021-01-05T21:42:48","date_gmt":"2021-01-05T18:42:48","guid":{"rendered":"https:\/\/birliksendikasi.org\/?p=1945"},"modified":"2021-01-05T21:42:48","modified_gmt":"2021-01-05T18:42:48","slug":"birlik-sendikasi-genel-baskani-zehra-guner-karaoglu-isciden-programi-konuguydu","status":"publish","type":"post","link":"https:\/\/birliksendikasi.org\/index.php\/2021\/01\/05\/birlik-sendikasi-genel-baskani-zehra-guner-karaoglu-isciden-programi-konuguydu","title":{"rendered":"Birlik Sendikas\u0131 Genel Ba\u015fkan\u0131 Zehra G\u00fcner Karao\u011flu \u0130\u015f\u00e7iden program\u0131 konu\u011fuydu"},"content":{"rendered":"<p>Birlik Sendikas\u0131 Genel Ba\u015fkan\u0131 Zehra G\u00fcner Karao\u011flu, soL TV&#8217;de sal\u0131 g\u00fcnleri yay\u0131nlanan \u0130\u015f\u00e7iden program\u0131n\u0131n konu\u011fuydu. \u0130\u015f\u00e7iden program\u0131nda haftan\u0131n g\u00fcndemi asgari \u00fccretti. Zehra G\u00fcner a\u00e7\u0131klanan asgari \u00fccrete dair; &#8220;Bu masa i\u015f\u00e7i d\u00fc\u015fmanlar\u0131n\u0131n oldu\u011fu bir masa, biz bu masadan i\u015f\u00e7inin y\u00fcz\u00fcn\u00fc g\u00fcld\u00fcrecek bir sonu\u00e7 beklemiyorduk. Bunu da ilk a\u00e7\u0131klamam\u0131zda s\u00f6yledik. Salg\u0131n d\u00f6neminde i\u015f\u00e7iler asgari \u00fccretin alt\u0131nda \u00fccretlere ge\u00e7inmek zorunda kald\u0131lar. Sanki bunlar yokmu\u015f gibi bir alg\u0131 yarat\u0131ld\u0131. H\u00fck\u00fcmet ve patronlar el ele asgari \u00fccreti neredeyse tavan \u00fccret haline getirdiler.&#8221; dedi.<\/p>\n<p>Program\u0131n tamam\u0131n\u0131 dinlemek i\u00e7in; <a href=\"https:\/\/www.youtube.com\/watch?v=lTKurWScXUM&#038;feature=youtu.be&#038;ab_channel=soLTV\">https:\/\/www.youtube.com\/watch?v=lTKurWScXUM&#038;feature=youtu.be&#038;ab_channel=soLTV <\/a><\/p>\n","protected":false},"excerpt":{"rendered":"<p>Birlik Sendikas\u0131 Genel Ba\u015fkan\u0131 Zehra G\u00fcner Karao\u011flu, soL TV&#8217;de sal\u0131 g\u00fcnleri yay\u0131nlanan \u0130\u015f\u00e7iden program\u0131n\u0131n konu\u011fuydu. \u0130\u015f\u00e7iden program\u0131nda haftan\u0131n g\u00fcndemi asgari<\/p>\n","protected":false},"author":1,"featured_media":1947,"comment_status":"closed","ping_status":"closed","sticky":false,"template":"","format":"standard","meta":{"colormag_page_container_layout":"default_layout","colormag_page_sidebar_layout":"default_layout","footnotes":""},"categories":[25,1],"tags":[],"class_list":["post-1945","post","type-post","status-publish","format-standard","has-post-thumbnail","hentry","category-basin","category-haber"],"yoast_head":"<!-- This site is optimized with the Yoast SEO plugin v26.7 - https:\/\/yoast.com\/wordpress\/plugins\/seo\/ -->\n<title>Birlik Sendikas\u0131 Genel Ba\u015fkan\u0131 Zehra G\u00fcner Karao\u011flu \u0130\u015f\u00e7iden program\u0131 konu\u011fuydu | Birlik Sendikas\u0131<\/title>\n<meta name=\"robots\" content=\"index, follow, max-snippet:-1, max-image-preview:large, max-video-preview:-1\" \/>\n<link rel=\"canonical\" href=\"https:\/\/birliksendikasi.org\/index.php\/2021\/01\/05\/birlik-sendikasi-genel-baskani-zehra-guner-karaoglu-isciden-programi-konuguydu\" \/>\n<meta property=\"og:locale\" content=\"tr_TR\" \/>\n<meta property=\"og:type\" content=\"article\" \/>\n<meta property=\"og:title\" content=\"Birlik Sendikas\u0131 Genel Ba\u015fkan\u0131 Zehra G\u00fcner Karao\u011flu \u0130\u015f\u00e7iden program\u0131 konu\u011fuydu | Birlik Sendikas\u0131\" \/>\n<meta property=\"og:description\" content=\"Birlik Sendikas\u0131 Genel Ba\u015fkan\u0131 Zehra G\u00fcner Karao\u011flu, soL TV&#8217;de sal\u0131 g\u00fcnleri yay\u0131nlanan \u0130\u015f\u00e7iden program\u0131n\u0131n konu\u011fuydu. \u0130\u015f\u00e7iden program\u0131nda haftan\u0131n g\u00fcndemi asgari\" \/>\n<meta property=\"og:url\" content=\"https:\/\/birliksendikasi.org\/index.php\/2021\/01\/05\/birlik-sendikasi-genel-baskani-zehra-guner-karaoglu-isciden-programi-konuguydu\" \/>\n<meta property=\"og:site_name\" content=\"Birlik Sendikas\u0131\" \/>\n<meta property=\"article:publisher\" content=\"https:\/\/www.facebook.com\/BirlikSendikasi\" \/>\n<meta property=\"article:published_time\" content=\"2021-01-05T18:42:48+00:00\" \/>\n<meta property=\"og:image\" content=\"https:\/\/birliksendikasi.org\/wp-content\/uploads\/2021\/01\/Ekran-Goruntusu-63.png\" \/>\n\t<meta property=\"og:image:width\" content=\"1907\" \/>\n\t<meta property=\"og:image:height\" content=\"989\" \/>\n\t<meta property=\"og:image:type\" content=\"image\/png\" \/>\n<meta name=\"author\" content=\"bsadmin\" \/>\n<meta name=\"twitter:card\" content=\"summary_large_image\" \/>\n<meta name=\"twitter:creator\" content=\"@birliksendikasi\" \/>\n<meta name=\"twitter:site\" content=\"@birliksendikasi\" \/>\n<meta name=\"twitter:label1\" content=\"Yazan:\" \/>\n\t<meta name=\"twitter:data1\" content=\"bsadmin\" \/>\n\t<meta name=\"twitter:label2\" content=\"Tahmini okuma s\u00fcresi\" \/>\n\t<meta name=\"twitter:data2\" content=\"1 dakika\" \/>\n<script type=\"application\/ld+json\" class=\"yoast-schema-graph\">{\"@context\":\"https:\/\/schema.org\",\"@graph\":[{\"@type\":\"Article\",\"@id\":\"https:\/\/birliksendikasi.org\/index.php\/2021\/01\/05\/birlik-sendikasi-genel-baskani-zehra-guner-karaoglu-isciden-programi-konuguydu#article\",\"isPartOf\":{\"@id\":\"https:\/\/birliksendikasi.org\/index.php\/2021\/01\/05\/birlik-sendikasi-genel-baskani-zehra-guner-karaoglu-isciden-programi-konuguydu\"},\"author\":{\"name\":\"bsadmin\",\"@id\":\"https:\/\/birliksendikasi.org\/#\/schema\/person\/19796741c85c3fcab6ab56b89aab6b4b\"},\"headline\":\"Birlik Sendikas\u0131 Genel Ba\u015fkan\u0131 Zehra G\u00fcner Karao\u011flu \u0130\u015f\u00e7iden program\u0131 konu\u011fuydu\",\"datePublished\":\"2021-01-05T18:42:48+00:00\",\"mainEntityOfPage\":{\"@id\":\"https:\/\/birliksendikasi.org\/index.php\/2021\/01\/05\/birlik-sendikasi-genel-baskani-zehra-guner-karaoglu-isciden-programi-konuguydu\"},\"wordCount\":148,\"publisher\":{\"@id\":\"https:\/\/birliksendikasi.org\/#organization\"},\"image\":{\"@id\":\"https:\/\/birliksendikasi.org\/index.php\/2021\/01\/05\/birlik-sendikasi-genel-baskani-zehra-guner-karaoglu-isciden-programi-konuguydu#primaryimage\"},\"thumbnailUrl\":\"https:\/\/birliksendikasi.org\/wp-content\/uploads\/2021\/01\/Ekran-Goruntusu-63.png\",\"articleSection\":[\"Bas\u0131n\",\"Haber\"],\"inLanguage\":\"tr\"},{\"@type\":\"WebPage\",\"@id\":\"https:\/\/birliksendikasi.org\/index.php\/2021\/01\/05\/birlik-sendikasi-genel-baskani-zehra-guner-karaoglu-isciden-programi-konuguydu\",\"url\":\"https:\/\/birliksendikasi.org\/index.php\/2021\/01\/05\/birlik-sendikasi-genel-baskani-zehra-guner-karaoglu-isciden-programi-konuguydu\",\"name\":\"Birlik Sendikas\u0131 Genel Ba\u015fkan\u0131 Zehra G\u00fcner Karao\u011flu \u0130\u015f\u00e7iden program\u0131 konu\u011fuydu | Birlik Sendikas\u0131\",\"isPartOf\":{\"@id\":\"https:\/\/birliksendikasi.org\/#website\"},\"primaryImageOfPage\":{\"@id\":\"https:\/\/birliksendikasi.org\/index.php\/2021\/01\/05\/birlik-sendikasi-genel-baskani-zehra-guner-karaoglu-isciden-programi-konuguydu#primaryimage\"},\"image\":{\"@id\":\"https:\/\/birliksendikasi.org\/index.php\/2021\/01\/05\/birlik-sendikasi-genel-baskani-zehra-guner-karaoglu-isciden-programi-konuguydu#primaryimage\"},\"thumbnailUrl\":\"https:\/\/birliksendikasi.org\/wp-content\/uploads\/2021\/01\/Ekran-Goruntusu-63.png\",\"datePublished\":\"2021-01-05T18:42:48+00:00\",\"breadcrumb\":{\"@id\":\"https:\/\/birliksendikasi.org\/index.php\/2021\/01\/05\/birlik-sendikasi-genel-baskani-zehra-guner-karaoglu-isciden-programi-konuguydu#breadcrumb\"},\"inLanguage\":\"tr\",\"potentialAction\":[{\"@type\":\"ReadAction\",\"target\":[\"https:\/\/birliksendikasi.org\/index.php\/2021\/01\/05\/birlik-sendikasi-genel-baskani-zehra-guner-karaoglu-isciden-programi-konuguydu\"]}]},{\"@type\":\"ImageObject\",\"inLanguage\":\"tr\",\"@id\":\"https:\/\/birliksendikasi.org\/index.php\/2021\/01\/05\/birlik-sendikasi-genel-baskani-zehra-guner-karaoglu-isciden-programi-konuguydu#primaryimage\",\"url\":\"https:\/\/birliksendikasi.org\/wp-content\/uploads\/2021\/01\/Ekran-Goruntusu-63.png\",\"contentUrl\":\"https:\/\/birliksendikasi.org\/wp-content\/uploads\/2021\/01\/Ekran-Goruntusu-63.png\",\"width\":1907,\"height\":989},{\"@type\":\"BreadcrumbList\",\"@id\":\"https:\/\/birliksendikasi.org\/index.php\/2021\/01\/05\/birlik-sendikasi-genel-baskani-zehra-guner-karaoglu-isciden-programi-konuguydu#breadcrumb\",\"itemListElement\":[{\"@type\":\"ListItem\",\"position\":1,\"name\":\"Ana sayfa\",\"item\":\"https:\/\/birliksendikasi.org\/\"},{\"@type\":\"ListItem\",\"position\":2,\"name\":\"Birlik Sendikas\u0131 Genel Ba\u015fkan\u0131 Zehra G\u00fcner Karao\u011flu \u0130\u015f\u00e7iden program\u0131 konu\u011fuydu\"}]},{\"@type\":\"WebSite\",\"@id\":\"https:\/\/birliksendikasi.org\/#website\",\"url\":\"https:\/\/birliksendikasi.org\/\",\"name\":\"Birlik Sendikas\u0131\",\"description\":\"G\u00fcc\u00fcm\u00fcz Birli\u011fimizdir\",\"publisher\":{\"@id\":\"https:\/\/birliksendikasi.org\/#organization\"},\"potentialAction\":[{\"@type\":\"SearchAction\",\"target\":{\"@type\":\"EntryPoint\",\"urlTemplate\":\"https:\/\/birliksendikasi.org\/?s={search_term_string}\"},\"query-input\":{\"@type\":\"PropertyValueSpecification\",\"valueRequired\":true,\"valueName\":\"search_term_string\"}}],\"inLanguage\":\"tr\"},{\"@type\":\"Organization\",\"@id\":\"https:\/\/birliksendikasi.org\/#organization\",\"name\":\"Birlik Sendikas\u0131\",\"url\":\"https:\/\/birliksendikasi.org\/\",\"logo\":{\"@type\":\"ImageObject\",\"inLanguage\":\"tr\",\"@id\":\"https:\/\/birliksendikasi.org\/#\/schema\/logo\/image\/\",\"url\":\"https:\/\/birliksendikasi.org\/wp-content\/uploads\/2020\/12\/birlik_logo_large.png\",\"contentUrl\":\"https:\/\/birliksendikasi.org\/wp-content\/uploads\/2020\/12\/birlik_logo_large.png\",\"width\":2032,\"height\":2212,\"caption\":\"Birlik Sendikas\u0131\"},\"image\":{\"@id\":\"https:\/\/birliksendikasi.org\/#\/schema\/logo\/image\/\"},\"sameAs\":[\"https:\/\/www.facebook.com\/BirlikSendikasi\",\"https:\/\/x.com\/birliksendikasi\",\"https:\/\/www.instagram.com\/birliksendikasi\/\",\"https:\/\/www.youtube.com\/channel\/UCLZYFA0siLyRzLKNR75Pp_g\"]},{\"@type\":\"Person\",\"@id\":\"https:\/\/birliksendikasi.org\/#\/schema\/person\/19796741c85c3fcab6ab56b89aab6b4b\",\"name\":\"bsadmin\",\"sameAs\":[\"http:\/\/birliksendikasi.org\"]}]}<\/script>\n<!-- \/ Yoast SEO plugin. -->","yoast_head_json":{"title":"Birlik Sendikas\u0131 Genel Ba\u015fkan\u0131 Zehra G\u00fcner Karao\u011flu \u0130\u015f\u00e7iden program\u0131 konu\u011fuydu | Birlik Sendikas\u0131","robots":{"index":"index","follow":"follow","max-snippet":"max-snippet:-1","max-image-preview":"max-image-preview:large","max-video-preview":"max-video-preview:-1"},"canonical":"https:\/\/birliksendikasi.org\/index.php\/2021\/01\/05\/birlik-sendikasi-genel-baskani-zehra-guner-karaoglu-isciden-programi-konuguydu","og_locale":"tr_TR","og_type":"article","og_title":"Birlik Sendikas\u0131 Genel Ba\u015fkan\u0131 Zehra G\u00fcner Karao\u011flu \u0130\u015f\u00e7iden program\u0131 konu\u011fuydu | Birlik Sendikas\u0131","og_description":"Birlik Sendikas\u0131 Genel Ba\u015fkan\u0131 Zehra G\u00fcner Karao\u011flu, soL TV&#8217;de sal\u0131 g\u00fcnleri yay\u0131nlanan \u0130\u015f\u00e7iden program\u0131n\u0131n konu\u011fuydu. \u0130\u015f\u00e7iden program\u0131nda haftan\u0131n g\u00fcndemi asgari","og_url":"https:\/\/birliksendikasi.org\/index.php\/2021\/01\/05\/birlik-sendikasi-genel-baskani-zehra-guner-karaoglu-isciden-programi-konuguydu","og_site_name":"Birlik Sendikas\u0131","article_publisher":"https:\/\/www.facebook.com\/BirlikSendikasi","article_published_time":"2021-01-05T18:42:48+00:00","og_image":[{"width":1907,"height":989,"url":"https:\/\/birliksendikasi.org\/wp-content\/uploads\/2021\/01\/Ekran-Goruntusu-63.png","type":"image\/png"}],"author":"bsadmin","twitter_card":"summary_large_image","twitter_creator":"@birliksendikasi","twitter_site":"@birliksendikasi","twitter_misc":{"Yazan:":"bsadmin","Tahmini okuma s\u00fcresi":"1 dakika"},"schema":{"@context":"https:\/\/schema.org","@graph":[{"@type":"Article","@id":"https:\/\/birliksendikasi.org\/index.php\/2021\/01\/05\/birlik-sendikasi-genel-baskani-zehra-guner-karaoglu-isciden-programi-konuguydu#article","isPartOf":{"@id":"https:\/\/birliksendikasi.org\/index.php\/2021\/01\/05\/birlik-sendikasi-genel-baskani-zehra-guner-karaoglu-isciden-programi-konuguydu"},"author":{"name":"bsadmin","@id":"https:\/\/birliksendikasi.org\/#\/schema\/person\/19796741c85c3fcab6ab56b89aab6b4b"},"headline":"Birlik Sendikas\u0131 Genel Ba\u015fkan\u0131 Zehra G\u00fcner Karao\u011flu \u0130\u015f\u00e7iden program\u0131 konu\u011fuydu","datePublished":"2021-01-05T18:42:48+00:00","mainEntityOfPage":{"@id":"https:\/\/birliksendikasi.org\/index.php\/2021\/01\/05\/birlik-sendikasi-genel-baskani-zehra-guner-karaoglu-isciden-programi-konuguydu"},"wordCount":148,"publisher":{"@id":"https:\/\/birliksendikasi.org\/#organization"},"image":{"@id":"https:\/\/birliksendikasi.org\/index.php\/2021\/01\/05\/birlik-sendikasi-genel-baskani-zehra-guner-karaoglu-isciden-programi-konuguydu#primaryimage"},"thumbnailUrl":"https:\/\/birliksendikasi.org\/wp-content\/uploads\/2021\/01\/Ekran-Goruntusu-63.png","articleSection":["Bas\u0131n","Haber"],"inLanguage":"tr"},{"@type":"WebPage","@id":"https:\/\/birliksendikasi.org\/index.php\/2021\/01\/05\/birlik-sendikasi-genel-baskani-zehra-guner-karaoglu-isciden-programi-konuguydu","url":"https:\/\/birliksendikasi.org\/index.php\/2021\/01\/05\/birlik-sendikasi-genel-baskani-zehra-guner-karaoglu-isciden-programi-konuguydu","name":"Birlik Sendikas\u0131 Genel Ba\u015fkan\u0131 Zehra G\u00fcner Karao\u011flu \u0130\u015f\u00e7iden program\u0131 konu\u011fuydu | Birlik Sendikas\u0131","isPartOf":{"@id":"https:\/\/birliksendikasi.org\/#website"},"primaryImageOfPage":{"@id":"https:\/\/birliksendikasi.org\/index.php\/2021\/01\/05\/birlik-sendikasi-genel-baskani-zehra-guner-karaoglu-isciden-programi-konuguydu#primaryimage"},"image":{"@id":"https:\/\/birliksendikasi.org\/index.php\/2021\/01\/05\/birlik-sendikasi-genel-baskani-zehra-guner-karaoglu-isciden-programi-konuguydu#primaryimage"},"thumbnailUrl":"https:\/\/birliksendikasi.org\/wp-content\/uploads\/2021\/01\/Ekran-Goruntusu-63.png","datePublished":"2021-01-05T18:42:48+00:00","breadcrumb":{"@id":"https:\/\/birliksendikasi.org\/index.php\/2021\/01\/05\/birlik-sendikasi-genel-baskani-zehra-guner-karaoglu-isciden-programi-konuguydu#breadcrumb"},"inLanguage":"tr","potentialAction":[{"@type":"ReadAction","target":["https:\/\/birliksendikasi.org\/index.php\/2021\/01\/05\/birlik-sendikasi-genel-baskani-zehra-guner-karaoglu-isciden-programi-konuguydu"]}]},{"@type":"ImageObject","inLanguage":"tr","@id":"https:\/\/birliksendikasi.org\/index.php\/2021\/01\/05\/birlik-sendikasi-genel-baskani-zehra-guner-karaoglu-isciden-programi-konuguydu#primaryimage","url":"https:\/\/birliksendikasi.org\/wp-content\/uploads\/2021\/01\/Ekran-Goruntusu-63.png","contentUrl":"https:\/\/birliksendikasi.org\/wp-content\/uploads\/2021\/01\/Ekran-Goruntusu-63.png","width":1907,"height":989},{"@type":"BreadcrumbList","@id":"https:\/\/birliksendikasi.org\/index.php\/2021\/01\/05\/birlik-sendikasi-genel-baskani-zehra-guner-karaoglu-isciden-programi-konuguydu#breadcrumb","itemListElement":[{"@type":"ListItem","position":1,"name":"Ana sayfa","item":"https:\/\/birliksendikasi.org\/"},{"@type":"ListItem","position":2,"name":"Birlik Sendikas\u0131 Genel Ba\u015fkan\u0131 Zehra G\u00fcner Karao\u011flu \u0130\u015f\u00e7iden program\u0131 konu\u011fuydu"}]},{"@type":"WebSite","@id":"https:\/\/birliksendikasi.org\/#website","url":"https:\/\/birliksendikasi.org\/","name":"Birlik Sendikas\u0131","description":"G\u00fcc\u00fcm\u00fcz Birli\u011fimizdir","publisher":{"@id":"https:\/\/birliksendikasi.org\/#organization"},"potentialAction":[{"@type":"SearchAction","target":{"@type":"EntryPoint","urlTemplate":"https:\/\/birliksendikasi.org\/?s={search_term_string}"},"query-input":{"@type":"PropertyValueSpecification","valueRequired":true,"valueName":"search_term_string"}}],"inLanguage":"tr"},{"@type":"Organization","@id":"https:\/\/birliksendikasi.org\/#organization","name":"Birlik Sendikas\u0131","url":"https:\/\/birliksendikasi.org\/","logo":{"@type":"ImageObject","inLanguage":"tr","@id":"https:\/\/birliksendikasi.org\/#\/schema\/logo\/image\/","url":"https:\/\/birliksendikasi.org\/wp-content\/uploads\/2020\/12\/birlik_logo_large.png","contentUrl":"https:\/\/birliksendikasi.org\/wp-content\/uploads\/2020\/12\/birlik_logo_large.png","width":2032,"height":2212,"caption":"Birlik Sendikas\u0131"},"image":{"@id":"https:\/\/birliksendikasi.org\/#\/schema\/logo\/image\/"},"sameAs":["https:\/\/www.facebook.com\/BirlikSendikasi","https:\/\/x.com\/birliksendikasi","https:\/\/www.instagram.com\/birliksendikasi\/","https:\/\/www.youtube.com\/channel\/UCLZYFA0siLyRzLKNR75Pp_g"]},{"@type":"Person","@id":"https:\/\/birliksendikasi.org\/#\/schema\/person\/19796741c85c3fcab6ab56b89aab6b4b","name":"bsadmin","sameAs":["http:\/\/birliksendikasi.org"]}]}},"_links":{"self":[{"href":"https:\/\/birliksendikasi.org\/index.php\/wp-json\/wp\/v2\/posts\/1945","targetHints":{"allow":["GET"]}}],"collection":[{"href":"https:\/\/birliksendikasi.org\/index.php\/wp-json\/wp\/v2\/posts"}],"about":[{"href":"https:\/\/birliksendikasi.org\/index.php\/wp-json\/wp\/v2\/types\/post"}],"author":[{"embeddable":true,"href":"https:\/\/birliksendikasi.org\/index.php\/wp-json\/wp\/v2\/users\/1"}],"replies":[{"embeddable":true,"href":"https:\/\/birliksendikasi.org\/index.php\/wp-json\/wp\/v2\/comments?post=1945"}],"version-history":[{"count":1,"href":"https:\/\/birliksendikasi.org\/index.php\/wp-json\/wp\/v2\/posts\/1945\/revisions"}],"predecessor-version":[{"id":1948,"href":"https:\/\/birliksendikasi.org\/index.php\/wp-json\/wp\/v2\/posts\/1945\/revisions\/1948"}],"wp:featuredmedia":[{"embeddable":true,"href":"https:\/\/birliksendikasi.org\/index.php\/wp-json\/wp\/v2\/media\/1947"}],"wp:attachment":[{"href":"https:\/\/birliksendikasi.org\/index.php\/wp-json\/wp\/v2\/media?parent=1945"}],"wp:term":[{"taxonomy":"category","embeddable":true,"href":"https:\/\/birliksendikasi.org\/index.php\/wp-json\/wp\/v2\/categories?post=1945"},{"taxonomy":"post_tag","embeddable":true,"href":"https:\/\/birliksendikasi.org\/index.php\/wp-json\/wp\/v2\/tags?post=1945"}],"curies":[{"name":"wp","href":"https:\/\/api.w.org\/{rel}","templated":true}]}}