{"id":2050,"date":"2021-01-20T21:19:23","date_gmt":"2021-01-20T18:19:23","guid":{"rendered":"https:\/\/birliksendikasi.org\/?p=2050"},"modified":"2021-01-20T23:07:50","modified_gmt":"2021-01-20T20:07:50","slug":"patronlarin-saldirilarina-karsi-ornek-dilekcelerimizle-de-emekcilerin-yanindayiz","status":"publish","type":"post","link":"https:\/\/birliksendikasi.org\/index.php\/2021\/01\/20\/patronlarin-saldirilarina-karsi-ornek-dilekcelerimizle-de-emekcilerin-yanindayiz","title":{"rendered":"PATRONLARIN SALDIRILARINA KAR\u015eI \u00d6RNEK D\u0130LEK\u00c7ELER\u0130M\u0130ZLE DE EMEK\u00c7\u0130LER\u0130N YANINDAYIZ"},"content":{"rendered":"<p>Patronlar emek\u00e7ilere her yerden sald\u0131r\u0131yor, pandemi s\u00fcrecinde daha da fazla\u2026<\/p>\n<p>Bir taraftan y\u00fczbinlerce i\u015f\u00e7i i\u00e7in uygulanan yersiz ve haks\u0131z k\u0131sa \u00e7al\u0131\u015fma \u00f6dene\u011fi uygulamas\u0131, haks\u0131z nitelikteki \u00fccretsiz izin uygulamalar\u0131 ve asgari \u00fccretin alt\u0131nda \u00e7al\u0131\u015fan emek\u00e7ilerin \u00fccretlerinin y\u00fckseltilmemesi i\u00e7in oynanan oyunlar. Patronlar ilgili kurumlara yalan s\u00f6yleyerek, emek\u00e7ilerin \u00fccret, emeklilik, izin gibi haklar\u0131n\u0131 gasp ediyor.<\/p>\n<p>Patronlar emek\u00e7ileri izinde g\u00f6sterip \u00e7al\u0131\u015ft\u0131rmaya devam ediyor, \u00e7al\u0131\u015fma saatleri belki de daha artmas\u0131na ra\u011fmen k\u0131sa \u00e7al\u0131\u015fma \u00f6dene\u011fine (K\u00c7\u00d6) ge\u00e7iriyor, i\u015f\u00e7inin zaten s\u0131n\u0131rl\u0131 olan tam maa\u015f\u0131na, sigorta hakk\u0131na g\u00f6z koyuyor, sizi \u00fccretsiz izne \u00e7\u0131kar\u0131p yerinize ba\u015fka bir i\u015f\u00e7iyi i\u015fe al\u0131yor, zaten a\u00e7l\u0131k s\u0131n\u0131rlar\u0131nda dola\u015fan asgari \u00fccreti dahi emek\u00e7iye vermemek i\u00e7in f\u0131rsat kolluyor.<\/p>\n<p>Sermayeye, patronlara kar\u015f\u0131 i\u015f\u00e7ilerin birlik olmas\u0131n\u0131 ve haklar\u0131n\u0131 almas\u0131n\u0131 sa\u011flamak i\u00e7in \u00f6rg\u00fctlenen Birlik Sendikas\u0131, b\u00fct\u00fcn bu hak gasplar\u0131na kar\u015f\u0131 m\u00fccadele ederken, emek\u00e7ilerin m\u00fccadele s\u00fcre\u00e7lerini h\u0131zland\u0131racak ve kolayla\u015ft\u0131racak ara\u00e7lar da sunuyor. Bu \u00e7er\u00e7evede yukar\u0131dakilere benzer durumlarda \u00f6ncelikle i\u015fverene verilmek \u00fczere haz\u0131rlad\u0131\u011f\u0131, farkl\u0131 ihtiya\u00e7lar i\u00e7in kullanmak \u00fczere haz\u0131r dilek\u00e7e \u00f6rneklerini emek\u00e7ilerle payla\u015f\u0131yor. Patronlar\u0131n farkl\u0131 bi\u00e7imlerdeki hak gasplar\u0131na kar\u015f\u0131 kullan\u0131labilecek \u00f6rnek niteli\u011findeki bu dilek\u00e7eler, emek\u00e7ilerin kendi \u00f6zg\u00fcn durumlar\u0131na g\u00f6re kolayca d\u00fczenleyip kullanabilece\u011fi \u015fekilde haz\u0131rland\u0131.<\/p>\n<p>Burada,<br \/>\n\u201cYersiz ve Haks\u0131z K\u0131sa \u00c7al\u0131\u015fma \u00d6dene\u011fi Uygulamas\u0131 Kapsam\u0131ndan \u00c7\u0131kar\u0131lma Talebi Dilek\u00e7esi\u201d<br \/>\n<a href=\"https:\/\/birliksendikasi.org\/index.php\/2021\/01\/20\/yersiz-ve-haksiz-kisa-calisma-odenegi-uygulamasi-kapsamindan-cikarilma-talebi-dilekcesi\">https:\/\/birliksendikasi.org\/index.php\/2021\/01\/20\/yersiz-ve-haksiz-kisa-calisma-odenegi-uygulamasi-kapsamindan-cikarilma-talebi-dilekcesi<\/a>, <\/p>\n<p>\u201c\u00d6zel Okul \u00d6\u011fretmenlerine Y\u00f6nelik Yersiz ve Haks\u0131z K\u0131sa \u00c7al\u0131\u015fma \u00d6dene\u011fi Uygulamas\u0131 Kapsam\u0131ndan \u00c7\u0131kar\u0131lma Talebi Dilek\u00e7esi\u201d<br \/>\n<a href=\"https:\/\/birliksendikasi.org\/index.php\/2021\/01\/20\/ozel-okul-yersiz-ve-haksiz-kisa-calisma-odenegi-uygulamasi-kapsamindan-cikarilma-talebi-dilekcesi\">https:\/\/birliksendikasi.org\/index.php\/2021\/01\/20\/ozel-okul-yersiz-ve-haksiz-kisa-calisma-odenegi-uygulamasi-kapsamindan-cikarilma-talebi-dilekcesi<\/a>,<\/p>\n<p>\u201cHaks\u0131z Nitelikteki \u00dccretsiz \u0130zin Uygulamas\u0131 Kapsam\u0131ndan Derhal \u00c7\u0131kar\u0131lma Talebi Dilek\u00e7esi\u201d<br \/>\n<a href=\"https:\/\/birliksendikasi.org\/index.php\/2021\/01\/20\/haksiz-nitelikteki-ucretsiz-izin-uygulamasi-kapsamindan-derhal-cikarilma-talebi-dilekcesi\">https:\/\/birliksendikasi.org\/index.php\/2021\/01\/20\/haksiz-nitelikteki-ucretsiz-izin-uygulamasi-kapsamindan-derhal-cikarilma-talebi-dilekcesi<\/a> ve <\/p>\n<p>\u201cBelirli S\u00fcreli S\u00f6zle\u015fmede Yaz\u0131l\u0131 \u00dccretin Asgari \u00dccrete Y\u00fckseltilmesi Dilek\u00e7esi\u201d<br \/>\n<a href=\"https:\/\/birliksendikasi.org\/index.php\/2021\/01\/20\/belirli-sureli-sozlesmede-yazili-ucretin-asgari-ucrete-yukseltilmesi-dilekcesi\">https:\/\/birliksendikasi.org\/index.php\/2021\/01\/20\/belirli-sureli-sozlesmede-yazili-ucretin-asgari-ucrete-yukseltilmesi-dilekcesi<\/a><br \/>\n\u00f6rneklerinin her biri i\u00e7inde bir \u00f6n a\u00e7\u0131klamayla nas\u0131l kullan\u0131laca\u011f\u0131na dair bilgiler de emek\u00e7ilerle payla\u015f\u0131l\u0131yor.<\/p>\n<p>Birlik Sendikas\u0131 t\u00fcm g\u00fcc\u00fcyle ve ara\u00e7lar\u0131yla patronlara kar\u015f\u0131 eme\u011fini savunmak i\u00e7in birlikte m\u00fccadele eden emek\u00e7ilerin yan\u0131nda olmaya devam edecek. M\u00fccadeleyi b\u00fcy\u00fctmek, patronlar\u0131n sald\u0131r\u0131lar\u0131na kar\u015f\u0131 i\u015f\u00e7ilerin birli\u011fini ve dayan\u0131\u015fmas\u0131n\u0131 g\u00fc\u00e7lendirmek i\u00e7in 10 No&#8217;lu i\u015fkolunda \u00e7al\u0131\u015fan t\u00fcm emek\u00e7ileri Birlik Sendikas\u0131\u2019na \u00fcye olmaya, g\u00fc\u00e7lerini birle\u015ftirmeye \u00e7a\u011f\u0131r\u0131yoruz.<\/p>\n<p><strong>B\u0130RL\u0130K SEND\u0130KASI MERKEZ Y\u00d6NET\u0130M KURULU<\/strong><\/p>\n<p><strong>\u00d6rnek dilek\u00e7eler:<\/strong><\/p>\n<p><a href=\"https:\/\/birliksendikasi.org\/index.php\/2021\/01\/20\/ozel-okul-yersiz-ve-haksiz-kisa-calisma-odenegi-uygulamasi-kapsamindan-cikarilma-talebi-dilekcesi\">https:\/\/birliksendikasi.org\/index.php\/2021\/01\/20\/ozel-okul-yersiz-ve-haksiz-kisa-calisma-odenegi-uygulamasi-kapsamindan-cikarilma-talebi-dilekcesi<\/a><\/p>\n<p><a href=\"https:\/\/birliksendikasi.org\/index.php\/2021\/01\/20\/yersiz-ve-haksiz-kisa-calisma-odenegi-uygulamasi-kapsamindan-cikarilma-talebi-dilekcesi\">https:\/\/birliksendikasi.org\/index.php\/2021\/01\/20\/yersiz-ve-haksiz-kisa-calisma-odenegi-uygulamasi-kapsamindan-cikarilma-talebi-dilekcesi<\/a><\/p>\n<p><a href=\"https:\/\/birliksendikasi.org\/index.php\/2021\/01\/20\/haksiz-nitelikteki-ucretsiz-izin-uygulamasi-kapsamindan-derhal-cikarilma-talebi-dilekcesi\">https:\/\/birliksendikasi.org\/index.php\/2021\/01\/20\/haksiz-nitelikteki-ucretsiz-izin-uygulamasi-kapsamindan-derhal-cikarilma-talebi-dilekcesi<\/a><\/p>\n<p><a href=\"https:\/\/birliksendikasi.org\/index.php\/2021\/01\/20\/belirli-sureli-sozlesmede-yazili-ucretin-asgari-ucrete-yukseltilmesi-dilekcesi\">https:\/\/birliksendikasi.org\/index.php\/2021\/01\/20\/belirli-sureli-sozlesmede-yazili-ucretin-asgari-ucrete-yukseltilmesi-dilekcesi<\/a><\/p>\n<p>&nbsp;<\/p>\n","protected":false},"excerpt":{"rendered":"<p>Patronlar emek\u00e7ilere her yerden sald\u0131r\u0131yor, pandemi s\u00fcrecinde daha da fazla\u2026 Bir taraftan y\u00fczbinlerce i\u015f\u00e7i i\u00e7in uygulanan yersiz ve haks\u0131z k\u0131sa<\/p>\n","protected":false},"author":1,"featured_media":2082,"comment_status":"closed","ping_status":"closed","sticky":false,"template":"","format":"standard","meta":{"colormag_page_container_layout":"default_layout","colormag_page_sidebar_layout":"default_layout","footnotes":""},"categories":[1,15],"tags":[],"class_list":["post-2050","post","type-post","status-publish","format-standard","has-post-thumbnail","hentry","category-haber","category-manset"],"yoast_head":"<!-- This site is optimized with the Yoast SEO plugin v26.7 - https:\/\/yoast.com\/wordpress\/plugins\/seo\/ -->\n<title>PATRONLARIN SALDIRILARINA KAR\u015eI \u00d6RNEK D\u0130LEK\u00c7ELER\u0130M\u0130ZLE DE EMEK\u00c7\u0130LER\u0130N YANINDAYIZ | Birlik Sendikas\u0131<\/title>\n<meta name=\"robots\" content=\"index, follow, max-snippet:-1, max-image-preview:large, max-video-preview:-1\" \/>\n<link rel=\"canonical\" href=\"https:\/\/birliksendikasi.org\/index.php\/2021\/01\/20\/patronlarin-saldirilarina-karsi-ornek-dilekcelerimizle-de-emekcilerin-yanindayiz\" \/>\n<meta property=\"og:locale\" content=\"tr_TR\" \/>\n<meta property=\"og:type\" content=\"article\" \/>\n<meta property=\"og:title\" content=\"PATRONLARIN SALDIRILARINA KAR\u015eI \u00d6RNEK D\u0130LEK\u00c7ELER\u0130M\u0130ZLE DE EMEK\u00c7\u0130LER\u0130N YANINDAYIZ | Birlik Sendikas\u0131\" \/>\n<meta property=\"og:description\" content=\"Patronlar emek\u00e7ilere her yerden sald\u0131r\u0131yor, pandemi s\u00fcrecinde daha da fazla\u2026 Bir taraftan y\u00fczbinlerce i\u015f\u00e7i i\u00e7in uygulanan yersiz ve haks\u0131z k\u0131sa\" \/>\n<meta property=\"og:url\" content=\"https:\/\/birliksendikasi.org\/index.php\/2021\/01\/20\/patronlarin-saldirilarina-karsi-ornek-dilekcelerimizle-de-emekcilerin-yanindayiz\" \/>\n<meta property=\"og:site_name\" content=\"Birlik Sendikas\u0131\" \/>\n<meta property=\"article:publisher\" content=\"https:\/\/www.facebook.com\/BirlikSendikasi\" \/>\n<meta property=\"article:published_time\" content=\"2021-01-20T18:19:23+00:00\" \/>\n<meta property=\"article:modified_time\" content=\"2021-01-20T20:07:50+00:00\" \/>\n<meta property=\"og:image\" content=\"https:\/\/birliksendikasi.org\/wp-content\/uploads\/2021\/01\/dilekce2.jpg\" \/>\n\t<meta property=\"og:image:width\" content=\"1136\" \/>\n\t<meta property=\"og:image:height\" content=\"789\" \/>\n\t<meta property=\"og:image:type\" content=\"image\/jpeg\" \/>\n<meta name=\"author\" content=\"bsadmin\" \/>\n<meta name=\"twitter:card\" content=\"summary_large_image\" \/>\n<meta name=\"twitter:creator\" content=\"@birliksendikasi\" \/>\n<meta name=\"twitter:site\" content=\"@birliksendikasi\" \/>\n<meta name=\"twitter:label1\" content=\"Yazan:\" \/>\n\t<meta name=\"twitter:data1\" content=\"bsadmin\" \/>\n\t<meta name=\"twitter:label2\" content=\"Tahmini okuma s\u00fcresi\" \/>\n\t<meta name=\"twitter:data2\" content=\"2 dakika\" \/>\n<script type=\"application\/ld+json\" class=\"yoast-schema-graph\">{\"@context\":\"https:\/\/schema.org\",\"@graph\":[{\"@type\":\"Article\",\"@id\":\"https:\/\/birliksendikasi.org\/index.php\/2021\/01\/20\/patronlarin-saldirilarina-karsi-ornek-dilekcelerimizle-de-emekcilerin-yanindayiz#article\",\"isPartOf\":{\"@id\":\"https:\/\/birliksendikasi.org\/index.php\/2021\/01\/20\/patronlarin-saldirilarina-karsi-ornek-dilekcelerimizle-de-emekcilerin-yanindayiz\"},\"author\":{\"name\":\"bsadmin\",\"@id\":\"https:\/\/birliksendikasi.org\/#\/schema\/person\/19796741c85c3fcab6ab56b89aab6b4b\"},\"headline\":\"PATRONLARIN SALDIRILARINA KAR\u015eI \u00d6RNEK D\u0130LEK\u00c7ELER\u0130M\u0130ZLE DE EMEK\u00c7\u0130LER\u0130N YANINDAYIZ\",\"datePublished\":\"2021-01-20T18:19:23+00:00\",\"dateModified\":\"2021-01-20T20:07:50+00:00\",\"mainEntityOfPage\":{\"@id\":\"https:\/\/birliksendikasi.org\/index.php\/2021\/01\/20\/patronlarin-saldirilarina-karsi-ornek-dilekcelerimizle-de-emekcilerin-yanindayiz\"},\"wordCount\":514,\"publisher\":{\"@id\":\"https:\/\/birliksendikasi.org\/#organization\"},\"image\":{\"@id\":\"https:\/\/birliksendikasi.org\/index.php\/2021\/01\/20\/patronlarin-saldirilarina-karsi-ornek-dilekcelerimizle-de-emekcilerin-yanindayiz#primaryimage\"},\"thumbnailUrl\":\"https:\/\/birliksendikasi.org\/wp-content\/uploads\/2021\/01\/dilekce2.jpg\",\"articleSection\":[\"Haber\",\"Man\u015fet\"],\"inLanguage\":\"tr\"},{\"@type\":\"WebPage\",\"@id\":\"https:\/\/birliksendikasi.org\/index.php\/2021\/01\/20\/patronlarin-saldirilarina-karsi-ornek-dilekcelerimizle-de-emekcilerin-yanindayiz\",\"url\":\"https:\/\/birliksendikasi.org\/index.php\/2021\/01\/20\/patronlarin-saldirilarina-karsi-ornek-dilekcelerimizle-de-emekcilerin-yanindayiz\",\"name\":\"PATRONLARIN SALDIRILARINA KAR\u015eI \u00d6RNEK D\u0130LEK\u00c7ELER\u0130M\u0130ZLE DE EMEK\u00c7\u0130LER\u0130N YANINDAYIZ | Birlik Sendikas\u0131\",\"isPartOf\":{\"@id\":\"https:\/\/birliksendikasi.org\/#website\"},\"primaryImageOfPage\":{\"@id\":\"https:\/\/birliksendikasi.org\/index.php\/2021\/01\/20\/patronlarin-saldirilarina-karsi-ornek-dilekcelerimizle-de-emekcilerin-yanindayiz#primaryimage\"},\"image\":{\"@id\":\"https:\/\/birliksendikasi.org\/index.php\/2021\/01\/20\/patronlarin-saldirilarina-karsi-ornek-dilekcelerimizle-de-emekcilerin-yanindayiz#primaryimage\"},\"thumbnailUrl\":\"https:\/\/birliksendikasi.org\/wp-content\/uploads\/2021\/01\/dilekce2.jpg\",\"datePublished\":\"2021-01-20T18:19:23+00:00\",\"dateModified\":\"2021-01-20T20:07:50+00:00\",\"breadcrumb\":{\"@id\":\"https:\/\/birliksendikasi.org\/index.php\/2021\/01\/20\/patronlarin-saldirilarina-karsi-ornek-dilekcelerimizle-de-emekcilerin-yanindayiz#breadcrumb\"},\"inLanguage\":\"tr\",\"potentialAction\":[{\"@type\":\"ReadAction\",\"target\":[\"https:\/\/birliksendikasi.org\/index.php\/2021\/01\/20\/patronlarin-saldirilarina-karsi-ornek-dilekcelerimizle-de-emekcilerin-yanindayiz\"]}]},{\"@type\":\"ImageObject\",\"inLanguage\":\"tr\",\"@id\":\"https:\/\/birliksendikasi.org\/index.php\/2021\/01\/20\/patronlarin-saldirilarina-karsi-ornek-dilekcelerimizle-de-emekcilerin-yanindayiz#primaryimage\",\"url\":\"https:\/\/birliksendikasi.org\/wp-content\/uploads\/2021\/01\/dilekce2.jpg\",\"contentUrl\":\"https:\/\/birliksendikasi.org\/wp-content\/uploads\/2021\/01\/dilekce2.jpg\",\"width\":1136,\"height\":789},{\"@type\":\"BreadcrumbList\",\"@id\":\"https:\/\/birliksendikasi.org\/index.php\/2021\/01\/20\/patronlarin-saldirilarina-karsi-ornek-dilekcelerimizle-de-emekcilerin-yanindayiz#breadcrumb\",\"itemListElement\":[{\"@type\":\"ListItem\",\"position\":1,\"name\":\"Ana sayfa\",\"item\":\"https:\/\/birliksendikasi.org\/\"},{\"@type\":\"ListItem\",\"position\":2,\"name\":\"PATRONLARIN SALDIRILARINA KAR\u015eI \u00d6RNEK D\u0130LEK\u00c7ELER\u0130M\u0130ZLE DE EMEK\u00c7\u0130LER\u0130N YANINDAYIZ\"}]},{\"@type\":\"WebSite\",\"@id\":\"https:\/\/birliksendikasi.org\/#website\",\"url\":\"https:\/\/birliksendikasi.org\/\",\"name\":\"Birlik Sendikas\u0131\",\"description\":\"G\u00fcc\u00fcm\u00fcz Birli\u011fimizdir\",\"publisher\":{\"@id\":\"https:\/\/birliksendikasi.org\/#organization\"},\"potentialAction\":[{\"@type\":\"SearchAction\",\"target\":{\"@type\":\"EntryPoint\",\"urlTemplate\":\"https:\/\/birliksendikasi.org\/?s={search_term_string}\"},\"query-input\":{\"@type\":\"PropertyValueSpecification\",\"valueRequired\":true,\"valueName\":\"search_term_string\"}}],\"inLanguage\":\"tr\"},{\"@type\":\"Organization\",\"@id\":\"https:\/\/birliksendikasi.org\/#organization\",\"name\":\"Birlik Sendikas\u0131\",\"url\":\"https:\/\/birliksendikasi.org\/\",\"logo\":{\"@type\":\"ImageObject\",\"inLanguage\":\"tr\",\"@id\":\"https:\/\/birliksendikasi.org\/#\/schema\/logo\/image\/\",\"url\":\"https:\/\/birliksendikasi.org\/wp-content\/uploads\/2020\/12\/birlik_logo_large.png\",\"contentUrl\":\"https:\/\/birliksendikasi.org\/wp-content\/uploads\/2020\/12\/birlik_logo_large.png\",\"width\":2032,\"height\":2212,\"caption\":\"Birlik Sendikas\u0131\"},\"image\":{\"@id\":\"https:\/\/birliksendikasi.org\/#\/schema\/logo\/image\/\"},\"sameAs\":[\"https:\/\/www.facebook.com\/BirlikSendikasi\",\"https:\/\/x.com\/birliksendikasi\",\"https:\/\/www.instagram.com\/birliksendikasi\/\",\"https:\/\/www.youtube.com\/channel\/UCLZYFA0siLyRzLKNR75Pp_g\"]},{\"@type\":\"Person\",\"@id\":\"https:\/\/birliksendikasi.org\/#\/schema\/person\/19796741c85c3fcab6ab56b89aab6b4b\",\"name\":\"bsadmin\",\"sameAs\":[\"http:\/\/birliksendikasi.org\"]}]}<\/script>\n<!-- \/ Yoast SEO plugin. -->","yoast_head_json":{"title":"PATRONLARIN SALDIRILARINA KAR\u015eI \u00d6RNEK D\u0130LEK\u00c7ELER\u0130M\u0130ZLE DE EMEK\u00c7\u0130LER\u0130N YANINDAYIZ | Birlik Sendikas\u0131","robots":{"index":"index","follow":"follow","max-snippet":"max-snippet:-1","max-image-preview":"max-image-preview:large","max-video-preview":"max-video-preview:-1"},"canonical":"https:\/\/birliksendikasi.org\/index.php\/2021\/01\/20\/patronlarin-saldirilarina-karsi-ornek-dilekcelerimizle-de-emekcilerin-yanindayiz","og_locale":"tr_TR","og_type":"article","og_title":"PATRONLARIN SALDIRILARINA KAR\u015eI \u00d6RNEK D\u0130LEK\u00c7ELER\u0130M\u0130ZLE DE EMEK\u00c7\u0130LER\u0130N YANINDAYIZ | Birlik Sendikas\u0131","og_description":"Patronlar emek\u00e7ilere her yerden sald\u0131r\u0131yor, pandemi s\u00fcrecinde daha da fazla\u2026 Bir taraftan y\u00fczbinlerce i\u015f\u00e7i i\u00e7in uygulanan yersiz ve haks\u0131z k\u0131sa","og_url":"https:\/\/birliksendikasi.org\/index.php\/2021\/01\/20\/patronlarin-saldirilarina-karsi-ornek-dilekcelerimizle-de-emekcilerin-yanindayiz","og_site_name":"Birlik Sendikas\u0131","article_publisher":"https:\/\/www.facebook.com\/BirlikSendikasi","article_published_time":"2021-01-20T18:19:23+00:00","article_modified_time":"2021-01-20T20:07:50+00:00","og_image":[{"width":1136,"height":789,"url":"https:\/\/birliksendikasi.org\/wp-content\/uploads\/2021\/01\/dilekce2.jpg","type":"image\/jpeg"}],"author":"bsadmin","twitter_card":"summary_large_image","twitter_creator":"@birliksendikasi","twitter_site":"@birliksendikasi","twitter_misc":{"Yazan:":"bsadmin","Tahmini okuma s\u00fcresi":"2 dakika"},"schema":{"@context":"https:\/\/schema.org","@graph":[{"@type":"Article","@id":"https:\/\/birliksendikasi.org\/index.php\/2021\/01\/20\/patronlarin-saldirilarina-karsi-ornek-dilekcelerimizle-de-emekcilerin-yanindayiz#article","isPartOf":{"@id":"https:\/\/birliksendikasi.org\/index.php\/2021\/01\/20\/patronlarin-saldirilarina-karsi-ornek-dilekcelerimizle-de-emekcilerin-yanindayiz"},"author":{"name":"bsadmin","@id":"https:\/\/birliksendikasi.org\/#\/schema\/person\/19796741c85c3fcab6ab56b89aab6b4b"},"headline":"PATRONLARIN SALDIRILARINA KAR\u015eI \u00d6RNEK D\u0130LEK\u00c7ELER\u0130M\u0130ZLE DE EMEK\u00c7\u0130LER\u0130N YANINDAYIZ","datePublished":"2021-01-20T18:19:23+00:00","dateModified":"2021-01-20T20:07:50+00:00","mainEntityOfPage":{"@id":"https:\/\/birliksendikasi.org\/index.php\/2021\/01\/20\/patronlarin-saldirilarina-karsi-ornek-dilekcelerimizle-de-emekcilerin-yanindayiz"},"wordCount":514,"publisher":{"@id":"https:\/\/birliksendikasi.org\/#organization"},"image":{"@id":"https:\/\/birliksendikasi.org\/index.php\/2021\/01\/20\/patronlarin-saldirilarina-karsi-ornek-dilekcelerimizle-de-emekcilerin-yanindayiz#primaryimage"},"thumbnailUrl":"https:\/\/birliksendikasi.org\/wp-content\/uploads\/2021\/01\/dilekce2.jpg","articleSection":["Haber","Man\u015fet"],"inLanguage":"tr"},{"@type":"WebPage","@id":"https:\/\/birliksendikasi.org\/index.php\/2021\/01\/20\/patronlarin-saldirilarina-karsi-ornek-dilekcelerimizle-de-emekcilerin-yanindayiz","url":"https:\/\/birliksendikasi.org\/index.php\/2021\/01\/20\/patronlarin-saldirilarina-karsi-ornek-dilekcelerimizle-de-emekcilerin-yanindayiz","name":"PATRONLARIN SALDIRILARINA KAR\u015eI \u00d6RNEK D\u0130LEK\u00c7ELER\u0130M\u0130ZLE DE EMEK\u00c7\u0130LER\u0130N YANINDAYIZ | Birlik Sendikas\u0131","isPartOf":{"@id":"https:\/\/birliksendikasi.org\/#website"},"primaryImageOfPage":{"@id":"https:\/\/birliksendikasi.org\/index.php\/2021\/01\/20\/patronlarin-saldirilarina-karsi-ornek-dilekcelerimizle-de-emekcilerin-yanindayiz#primaryimage"},"image":{"@id":"https:\/\/birliksendikasi.org\/index.php\/2021\/01\/20\/patronlarin-saldirilarina-karsi-ornek-dilekcelerimizle-de-emekcilerin-yanindayiz#primaryimage"},"thumbnailUrl":"https:\/\/birliksendikasi.org\/wp-content\/uploads\/2021\/01\/dilekce2.jpg","datePublished":"2021-01-20T18:19:23+00:00","dateModified":"2021-01-20T20:07:50+00:00","breadcrumb":{"@id":"https:\/\/birliksendikasi.org\/index.php\/2021\/01\/20\/patronlarin-saldirilarina-karsi-ornek-dilekcelerimizle-de-emekcilerin-yanindayiz#breadcrumb"},"inLanguage":"tr","potentialAction":[{"@type":"ReadAction","target":["https:\/\/birliksendikasi.org\/index.php\/2021\/01\/20\/patronlarin-saldirilarina-karsi-ornek-dilekcelerimizle-de-emekcilerin-yanindayiz"]}]},{"@type":"ImageObject","inLanguage":"tr","@id":"https:\/\/birliksendikasi.org\/index.php\/2021\/01\/20\/patronlarin-saldirilarina-karsi-ornek-dilekcelerimizle-de-emekcilerin-yanindayiz#primaryimage","url":"https:\/\/birliksendikasi.org\/wp-content\/uploads\/2021\/01\/dilekce2.jpg","contentUrl":"https:\/\/birliksendikasi.org\/wp-content\/uploads\/2021\/01\/dilekce2.jpg","width":1136,"height":789},{"@type":"BreadcrumbList","@id":"https:\/\/birliksendikasi.org\/index.php\/2021\/01\/20\/patronlarin-saldirilarina-karsi-ornek-dilekcelerimizle-de-emekcilerin-yanindayiz#breadcrumb","itemListElement":[{"@type":"ListItem","position":1,"name":"Ana sayfa","item":"https:\/\/birliksendikasi.org\/"},{"@type":"ListItem","position":2,"name":"PATRONLARIN SALDIRILARINA KAR\u015eI \u00d6RNEK D\u0130LEK\u00c7ELER\u0130M\u0130ZLE DE EMEK\u00c7\u0130LER\u0130N YANINDAYIZ"}]},{"@type":"WebSite","@id":"https:\/\/birliksendikasi.org\/#website","url":"https:\/\/birliksendikasi.org\/","name":"Birlik Sendikas\u0131","description":"G\u00fcc\u00fcm\u00fcz Birli\u011fimizdir","publisher":{"@id":"https:\/\/birliksendikasi.org\/#organization"},"potentialAction":[{"@type":"SearchAction","target":{"@type":"EntryPoint","urlTemplate":"https:\/\/birliksendikasi.org\/?s={search_term_string}"},"query-input":{"@type":"PropertyValueSpecification","valueRequired":true,"valueName":"search_term_string"}}],"inLanguage":"tr"},{"@type":"Organization","@id":"https:\/\/birliksendikasi.org\/#organization","name":"Birlik Sendikas\u0131","url":"https:\/\/birliksendikasi.org\/","logo":{"@type":"ImageObject","inLanguage":"tr","@id":"https:\/\/birliksendikasi.org\/#\/schema\/logo\/image\/","url":"https:\/\/birliksendikasi.org\/wp-content\/uploads\/2020\/12\/birlik_logo_large.png","contentUrl":"https:\/\/birliksendikasi.org\/wp-content\/uploads\/2020\/12\/birlik_logo_large.png","width":2032,"height":2212,"caption":"Birlik Sendikas\u0131"},"image":{"@id":"https:\/\/birliksendikasi.org\/#\/schema\/logo\/image\/"},"sameAs":["https:\/\/www.facebook.com\/BirlikSendikasi","https:\/\/x.com\/birliksendikasi","https:\/\/www.instagram.com\/birliksendikasi\/","https:\/\/www.youtube.com\/channel\/UCLZYFA0siLyRzLKNR75Pp_g"]},{"@type":"Person","@id":"https:\/\/birliksendikasi.org\/#\/schema\/person\/19796741c85c3fcab6ab56b89aab6b4b","name":"bsadmin","sameAs":["http:\/\/birliksendikasi.org"]}]}},"_links":{"self":[{"href":"https:\/\/birliksendikasi.org\/index.php\/wp-json\/wp\/v2\/posts\/2050","targetHints":{"allow":["GET"]}}],"collection":[{"href":"https:\/\/birliksendikasi.org\/index.php\/wp-json\/wp\/v2\/posts"}],"about":[{"href":"https:\/\/birliksendikasi.org\/index.php\/wp-json\/wp\/v2\/types\/post"}],"author":[{"embeddable":true,"href":"https:\/\/birliksendikasi.org\/index.php\/wp-json\/wp\/v2\/users\/1"}],"replies":[{"embeddable":true,"href":"https:\/\/birliksendikasi.org\/index.php\/wp-json\/wp\/v2\/comments?post=2050"}],"version-history":[{"count":13,"href":"https:\/\/birliksendikasi.org\/index.php\/wp-json\/wp\/v2\/posts\/2050\/revisions"}],"predecessor-version":[{"id":2083,"href":"https:\/\/birliksendikasi.org\/index.php\/wp-json\/wp\/v2\/posts\/2050\/revisions\/2083"}],"wp:featuredmedia":[{"embeddable":true,"href":"https:\/\/birliksendikasi.org\/index.php\/wp-json\/wp\/v2\/media\/2082"}],"wp:attachment":[{"href":"https:\/\/birliksendikasi.org\/index.php\/wp-json\/wp\/v2\/media?parent=2050"}],"wp:term":[{"taxonomy":"category","embeddable":true,"href":"https:\/\/birliksendikasi.org\/index.php\/wp-json\/wp\/v2\/categories?post=2050"},{"taxonomy":"post_tag","embeddable":true,"href":"https:\/\/birliksendikasi.org\/index.php\/wp-json\/wp\/v2\/tags?post=2050"}],"curies":[{"name":"wp","href":"https:\/\/api.w.org\/{rel}","templated":true}]}}