{"id":2506,"date":"2021-04-05T10:39:14","date_gmt":"2021-04-05T07:39:14","guid":{"rendered":"https:\/\/birliksendikasi.org\/?p=2506"},"modified":"2021-04-05T10:43:38","modified_gmt":"2021-04-05T07:43:38","slug":"muzik-emekcileri-zorlu-gecen-yili-anlatti-gelin-birlik-olalim","status":"publish","type":"post","link":"https:\/\/birliksendikasi.org\/index.php\/2021\/04\/05\/muzik-emekcileri-zorlu-gecen-yili-anlatti-gelin-birlik-olalim","title":{"rendered":"M\u00fczik emek\u00e7ileri zorlu ge\u00e7en y\u0131l\u0131 anlatt\u0131: Gelin birlik olal\u0131m!"},"content":{"rendered":"<p>Birlik Sendikas\u0131\u2019nda \u00f6rg\u00fctl\u00fc m\u00fczik emek\u00e7ileri Furkan Karakaya, Ya\u011fmur Alev, \u00d6zkan Boyo\u011flu ve R\u0131dvan Akparlak ile zorlu ge\u00e7en y\u0131l\u0131; sendikay\u0131 ve \u00f6rg\u00fctlenmeyi; ve ge\u00e7ti\u011fimiz hafta ilk a\u015famas\u0131 sonu\u00e7lanan Birlik Sendikas\u0131-Haluk Levent dayan\u0131\u015fma \u00a0projesini konu\u015ftuk.<\/p>\n<h3>\u00d6ncelikle sizi tan\u0131yal\u0131m, bize biraz kendinizden s\u00f6z eder misiniz?<\/h3>\n<p><strong>\u00d6zkan Boyo\u011flu<\/strong>: Otuz bir ya\u015f\u0131nday\u0131m. \u00c7ok uzun y\u0131llar \u00f6nce hizmet sekt\u00f6r\u00fcyle girdim bu alana. \u00d6nceleri mekanlarda barlarda \u00e7al\u0131\u015fan biriydim. Doha sonra k\u0131sa bir s\u00fcreli\u011fine MF\u00d6\u2019n\u00fcn rodili\u011fini yapt\u0131m. Fakat ard\u0131ndan tekrar barlara d\u00f6nd\u00fcm; benim alt\u0131ndan kalkaca\u011f\u0131m bir i\u015f olmad\u0131\u011f\u0131n\u0131 d\u00fc\u015f\u00fcnm\u00fc\u015ft\u00fcm. \u00c7al\u0131\u015ft\u0131\u011f\u0131m mekanlardan birinde sahne amiri i\u015fi b\u0131rak\u0131nca mekan\u0131n tonmaisteri beni sahneye al\u0131p i\u015fi \u00f6\u011fretti. O g\u00fcnden beri sahnede \u00e7al\u0131\u015f\u0131yorum. Uzun y\u0131llar sahne kurdum ve ufak ufak ses teknisyenli\u011fi yapmaya ba\u015flad\u0131m. Bir s\u00fcre sonra \u2018freelancer\u2019 \u00e7al\u0131\u015fmaya ba\u015flad\u0131m. \u2018CV\u2019m g\u00fcn ge\u00e7tik\u00e7e daha farkl\u0131 isimlerle ve m\u00fczik tarzlar\u0131 ile doldu.<\/p>\n<p><strong>Ya\u011fmur Alev<\/strong>: Ben yirmi be\u015f ya\u015f\u0131nday\u0131m. \u0130stanbul \u00dcniversitesi &#8211; Frans\u0131z Dili ve Edebiyat\u0131 B\u00f6l\u00fcm\u00fcnde \u00f6\u011frenciyim ayn\u0131 zamanda. Pandemi d\u00f6nemine kadar \u00e7e\u015fitli gruplarda klavye \u00e7alarak ge\u00e7imimi sa\u011fl\u0131yordum.<\/p>\n<p><strong>R\u0131dvan Akparlak<\/strong>: Ben 2008\u2019den beri sekt\u00f6rdeyim. Sahne\/kay\u0131t bateristli\u011fi ve davul e\u011fitmenli\u011fi yap\u0131yorum uzun y\u0131llard\u0131r.<\/p>\n<p><strong>Furkan Karakaya<\/strong>: Aslen Orduluyum. Besteci, s\u00f6z yazar\u0131, solist ve az biraz gitaristim. 2011 y\u0131l\u0131nda ba\u015flad\u0131\u011f\u0131m Rize \u00dcniversitesi Otomotiv Teknolojisi b\u00f6l\u00fcm\u00fcn\u00fc b\u0131rakarak her t\u00fcrl\u00fc sonucuna katlanarak, sadece m\u00fczik yapmam gerekti\u011fini d\u00fc\u015f\u00fcnd\u00fcm. B\u00fcy\u00fck emeklerim ile 2015 y\u0131l\u0131nda m\u00fczikten para kazanmaya ba\u015flad\u0131m. 2018\u2019de\u00a0s\u00f6z\u00fc ve m\u00fczi\u011fi kendime ait bir single \u00e7\u0131kartt\u0131m. Bir alb\u00fcm yapma d\u00fc\u015f\u00fcncem vard\u0131 fakat pandemi y\u00fcz\u00fcnden beklemede kald\u0131.<\/p>\n<h1>&#8216;Enstr\u00fcman satmaktan elde avu\u00e7ta bir \u015fey kalmad\u0131&#8217;<\/h1>\n<h3>M\u00fczik emek\u00e7ilerinin tamam\u0131 son derece zorlu bir y\u0131l\u0131 geride b\u0131rakt\u0131. Bu bir sene nas\u0131l ge\u00e7ti sizin i\u00e7in?<\/h3>\n<p><strong>R.A.<\/strong>: Zorlu bir y\u0131l\u0131 geride b\u0131rakmad\u0131k asl\u0131nda. Bitmi\u015f bir \u015fey yok, zorluk katlanarak devam ediyor maalesef. Her \u015feye zam yapmaya devam, fakat yard\u0131m ya da durum iyile\u015ftirilmesi konusu s\u0131f\u0131r. Enstr\u00fcman satmaktan elde avu\u00e7ta bir \u015fey kalmad\u0131 art\u0131k. Faturalar zaml\u0131, kiralar hala \u00e7at\u0131r \u00e7at\u0131r \u00f6deniyor. Zengin daha zengin oldu, orta kesim i\u015fsiz, d\u00fckkan kapat\u0131yor. \u0130ntiharlar art\u0131k g\u00fcnl\u00fck \u00e7erez habere d\u00f6n\u00fc\u015ft\u00fc. Batmakta olan gemiden ilk biz at\u0131ld\u0131k.<\/p>\n<p><strong>Y.A.<\/strong>: Herkes gibi benim i\u00e7in de maddi ve manevi, her a\u00e7\u0131dan \u00e7ok zorlu bir y\u0131ld\u0131. Hala da \u00f6yle, zorluk katlanarak art\u0131yor. Yaz\u0131n yapabildi\u011fim birka\u00e7 sahne hari\u00e7 bir y\u0131l\u0131 a\u015fk\u0131n bir s\u00fcredir evimde oturuyorum. Kendi i\u015fimi, bu zamana kadar tek ge\u00e7im kayna\u011f\u0131m olan \u00e7ok sevdi\u011fim i\u015fimi yapam\u0131yorum. B\u00fct\u00fcn bu s\u00fcre\u00e7 i\u00e7erisinde, iktidar\u0131n \u201c\u00f6nlem\u201d k\u0131l\u0131f\u0131na uydurarak y\u00fcr\u00fctt\u00fc\u011f\u00fc ikiy\u00fczl\u00fc politikalar ve s\u0131rt\u0131n\u0131 bizlere tamamen d\u00f6nm\u00fc\u015f olmas\u0131 da cabas\u0131&#8230; Kongreler, oteller, AVM\u2019ler \u201clebalep\u201d doluyken maddi yetersizlikler y\u00fcz\u00fcnden intihar eden bir s\u00fcr\u00fc m\u00fczik emek\u00e7isi dostumuzun haberini al\u0131yoruz bir bir. T\u00fcm bunlar\u0131 hazmetmek ger\u00e7ekten \u00e7ok zor.<\/p>\n<p><strong>\u00d6.B.<\/strong>: Ben 2019\u2019un Ekim ay\u0131nda bir mekana girdim. Hem sahne hem ses hem sanat\u00e7\u0131 kar\u015f\u0131lama hem de \u2018DJ\u2019lik yapt\u0131m. Buras\u0131 uzun zamand\u0131r sabit \u00e7al\u0131\u015ft\u0131\u011f\u0131m bir mekand\u0131 ve burada pandemiye kadar gayet rahat ve huzurlu bir i\u015fim oldu. Fakat pandemi ile birlikte i\u015f yerlerinin kapatma karar\u0131 herkesten \u00f6nce bize geldi ve evlere kapat\u0131ld\u0131k. \u00c7al\u0131\u015ft\u0131\u011f\u0131m mekan\u0131n kurumsal bir yer olmas\u0131ndan kaynakl\u0131 devletin \u00f6dedi\u011fi k\u0131sa \u00e7al\u0131\u015fma \u00f6dene\u011finden yararlanabildim. Ama yine de yat\u0131r\u0131lan miktar\u0131 ev kiras\u0131na m\u0131, yeme\u011fe mi yoksa faturalara m\u0131 versem bilemedim. Mekanlar\u0131n tekrar a\u00e7\u0131lmas\u0131 ile i\u015flerimize geri d\u00f6n\u00fc\u015f\u00fcm\u00fcz k\u0131sa oldu. Tam bu anda Covid-19 testimin pozitif oldu\u011funu \u00f6\u011frendim. Akabinde patronum daha fazla u\u011fra\u015fmak istemedi\u011fini s\u00f6leyip mekan\u0131 kapatt\u0131. Herkese hakk\u0131n\u0131 verip istifa ettirdi. Bu oldu\u011funda art\u0131k benim ve beraber oldu\u011fum insanlar i\u00e7in alternatif bir se\u00e7enek maalesef kalmam\u0131\u015ft\u0131.<\/p>\n<p><strong>F.K.<\/strong>: Ben de zorlu bir s\u00fcre\u00e7 ge\u00e7irdim, bu halen devam ediyor. Ekonomik olarak ayakta kalabilmem i\u00e7in \u00f6zel sekt\u00f6rde bir i\u015f bulmam gerekiyordu. Belirli bir zamandan sonra k\u0131sa vadeli i\u015fler buldum. En az\u0131ndan belirli \u00f6l\u00e7ekte toparlama \u015fans\u0131 buldum b\u00f6ylelikle \u00a0fakat ak\u0131l ve ruh sa\u011fl\u0131\u011f\u0131 a\u00e7\u0131s\u0131ndan \u00e7ok zorlu bir s\u00fcreydi.<\/p>\n<h1>&#8216;M\u00fccadele bir ihtiyaca d\u00f6n\u00fc\u015ft\u00fc art\u0131k&#8217;<\/h1>\n<h3>M\u00fczik emek\u00e7ileri Birlik Sendikas\u0131&#8217;n\u0131n \u00e7a\u011fr\u0131s\u0131yla sendikal m\u00fccadeleye ad\u0131m att\u0131 ge\u00e7ti\u011fimiz aylarda. Biraz da sizin sendikal\u0131 olu\u015f s\u00fcrecinizden, neden b\u00f6yle bir m\u00fccadelede yer almaya karar verdi\u011finizden s\u00f6z edelim.<\/h3>\n<p><strong>\u00d6.B.<\/strong>: Ben uzun y\u0131llard\u0131r \u00fclke ve d\u00fcnya g\u00fcndemini takip eden biriyim. Zaten etmesem bile yapt\u0131\u011f\u0131m i\u015flerde genel olarak \u00fclkede olan herhangi bir \u015feyden ilk bizim haberimiz olurdu. \u0130ptaller, k\u0131s\u0131tlamalar vs gibi sekt\u00f6rde uzun y\u0131llard\u0131r ya\u015fanan bir s\u00fcr\u00fc sorun zaten vard\u0131. Ama pandemi ile birlikte maalesef ki art\u0131k kimsenin g\u00f6rmek istemeyece\u011fi \u00f6teleyece\u011fi bir \u015fey olmaktan \u00e7\u0131kt\u0131 bunlar. M\u00fccadele bir ihtiyaca d\u00f6n\u00fc\u015ft\u00fc art\u0131k ve t\u00fcm bunlar m\u00fcdahale edilmesi gereken bir konu oldu. Yap\u0131lan i\u015flerin paras\u0131n\u0131n \u00f6denmemesi, sigortas\u0131z \u00e7al\u0131\u015ft\u0131rma ve emek h\u0131rs\u0131zl\u0131\u011f\u0131 her sekt\u00f6rde oldu\u011fu gibi bu sekt\u00f6rde de \u00e7ok can yakt\u0131. Uzun s\u00fcredir bir \u00e7ok borcunu \u00f6deyemeyen, i\u015f bulmay\u0131 art\u0131k bir hayal olarak g\u00f6ren ben ve benim gibi insanlar i\u00e7in bir \u015feyler yap\u0131lmal\u0131 dedim. \u00c7e\u015fitli \u00e7al\u0131\u015fmalar yapan dernekler var. Tak\u0131m elbiselerini giyip, birka\u00e7 ki\u015finin yan\u0131da a\u00e7\u0131klama yap\u0131p sosyal medyaya y\u00fcklemek bana g\u00f6re de\u011fildi. Kendilerinden olmayan\u0131 i\u00e7lerine kabul etmeyen, ba\u015fkas\u0131 oyunca\u011f\u0131n\u0131 ald\u0131\u011f\u0131nda m\u0131z\u0131k\u00e7\u0131l\u0131k yapanlar\u0131n yan\u0131nda durmak bana g\u00f6re de\u011fildi. Sendikayla tam bu noktada tan\u0131\u015ft\u0131m.<\/p>\n<h1><strong>&#8216;Bir Mo\u011follar \u015fark\u0131s\u0131n\u0131n da dedi\u011fi gibi: Bir \u015fey yapmal\u0131&#8217;<\/strong><\/h1>\n<p><strong>Y.A.<\/strong>: Pandemi s\u00fcreci i\u00e7inde y\u00fczle\u015fti\u011fim ger\u00e7ekliklerden biri de; sekt\u00f6r adeta kapana k\u0131s\u0131lm\u0131\u015fken m\u00fczik emek\u00e7ileri olarak birlik olmay\u0131, kolektif bir ses \u00e7\u0131karmay\u0131 ba\u015faramad\u0131\u011f\u0131m\u0131zd\u0131. \u201cT\u00fcm bu durumlara \u00fcz\u00fclmek d\u0131\u015f\u0131nda ne yapabilirim?\u201d sorusunu kendime sordu\u011fum bir d\u00f6nemde, sendika \u00fcyesi bir arkada\u015f\u0131m arac\u0131l\u0131\u011f\u0131yla Birlik Sendikas\u0131\u2019n\u0131n varl\u0131\u011f\u0131ndan haberim oldu ve ard\u0131ndan \u00fcyesi oldum. T\u00fcm haklar\u0131m\u0131z\u0131n gasp edilmeye \u00e7al\u0131\u015f\u0131ld\u0131\u011f\u0131, iktidar\u0131n elinin bo\u011faz\u0131m\u0131za s\u0131k\u0131ca yap\u0131\u015ft\u0131\u011f\u0131, ya\u015famam\u0131za izin verilmedi\u011fi bir zaman diliminden ge\u00e7iyoruz; bir Mo\u011follar \u015fark\u0131s\u0131n\u0131n dedi\u011fi gibi \u201cBir \u015fey yapmal\u0131!\u201d<\/p>\n<p><strong>F.K.<\/strong>: B\u00f6yle bir giri\u015fimin gereklili\u011fini uzun y\u0131llard\u0131r bekliyordum asl\u0131nda. Bizlerin ya\u015fad\u0131\u011f\u0131 sorunlar ortada. S\u00fcrekli bir hak ma\u011fduriyeti durumu mevcut maalesef. Bu anlamda Birlik Sendikas\u0131, \u00f6zellikle pandemi s\u00fcrecinde b\u00fct\u00fcn imkanlar\u0131 ile m\u00fczisyen dostlar\u0131m\u0131z i\u00e7in seferber olmu\u015f durumda. Yeri gelmi\u015fken b\u00fct\u00fcn Birlik Sendikas\u0131 emek\u00e7ilerine te\u015fekk\u00fcr ediyorum. Birlikte daha g\u00fc\u00e7l\u00fc olaca\u011f\u0131m\u0131z\u0131 d\u00fc\u015f\u00fcnd\u00fcm. Bunun sendika durumu hak arayabilen ve m\u00fccadele taraf\u0131d\u0131r.<\/p>\n<p><strong>R.A.<\/strong>: Pandemi bize \u00e7ok \u015fey g\u00f6sterdi. Sistemin bize ne g\u00f6zle bakt\u0131\u011f\u0131n\u0131, nas\u0131l de\u011fer vermedi\u011fini, bir araya gelmezsek nas\u0131l ezilmeye devam edece\u011fimizi, fakat asl\u0131nda ne kadar kalabal\u0131k ve ayn\u0131 derecede k\u0131zg\u0131n oldu\u011fumuzu\u2026 Tam bu s\u00fcre\u00e7te kuruldu sendika. Birlik Sendikas\u0131\u2019na d\u00fc\u015f\u00fcnmeden de \u00fcye oldum. \u00d6rg\u00fctlemenin ve ses \u00e7\u0131karman\u0131n zaman\u0131 geldi de ge\u00e7iyor \u00e7\u00fcnk\u00fc.<\/p>\n<h1>Birlik Sendikas\u0131-Haluk Levent dayan\u0131\u015fma projesi<\/h1>\n<h3>Ge\u00e7ti\u011fimiz g\u00fcnlerde \u00e7ok\u00e7a konu\u015fulan konulardan biri de Haluk Levent ve Birlik Sendikas\u0131&#8217;n\u0131n birlikte ger\u00e7ekle\u015ftirdi\u011fi dayan\u0131\u015fma projesiydi. Bildi\u011finiz gibi Haluk Levent, oynad\u0131\u011f\u0131 reklam filminin b\u00fcy\u00fck bir b\u00f6l\u00fcm\u00fcn\u00fc ge\u00e7ti\u011fimiz g\u00fcnlerde Birlik Sendikas\u0131 \u00e7at\u0131s\u0131 alt\u0131nda m\u00fccadele etmeye karar veren ihtiya\u00e7 sahibi m\u00fczik emek\u00e7ileriyle payla\u015ft\u0131. Hem projeye hem de bu s\u00fcrece dair konu\u015fal\u0131m m\u0131 biraz?<\/h3>\n<p><strong>F.K.<\/strong>: Birlik Sendikas\u0131&#8217;na ve Haluk Levent\u2019e b\u00fct\u00fcn m\u00fczik emek\u00e7isi dostlar\u0131m ad\u0131na \u00e7ok te\u015fekk\u00fcr ediyorum. Dayan\u0131\u015fma sevgi i\u00e7eren bir olu\u015fumdur. G\u00fcn\u00fcm\u00fczde ve \u00f6zellikle pandemi s\u00fcrecinde \u00e7ok eksikli\u011fini ya\u015f\u0131yoruz. B\u00f6yle projelerin \u00e7o\u011falmas\u0131 ve bir k\u00f6pr\u00fc olmas\u0131 \u00fcmidindeyim. Pandemi s\u00fcrecinde i\u015fsiz kalan m\u00fczik emek\u00e7isi dostlar\u0131m\u0131z yaln\u0131z kalmas\u0131n ve en az\u0131ndan s\u00fcreci birazda olsa daha hafif olarak atlatabilsinler.<\/p>\n<p><strong>R.A.<\/strong>: Haluk Abi&#8217;yi \u00e7ocuklu\u011fumdan beri tan\u0131r\u0131m. Ayn\u0131 mahallede b\u00fcy\u00fcd\u00fck. Her zaman yard\u0131mseverli\u011fi ve deste\u011fi ile asl\u0131nda h\u00fck\u00fcmetin benimsemesi gereken sosyal devlet anlay\u0131\u015f\u0131n\u0131 kendi \u00e7at\u0131s\u0131 alt\u0131nda ya\u015fatt\u0131. Bu s\u00fcre\u00e7te bize bulundu\u011fu katk\u0131 i\u00e7in de ayr\u0131ca kendisine ve Birlik Sendikas\u0131\u2019na te\u015fekk\u00fcr ederim.<\/p>\n<p><strong>\u00d6.B.<\/strong>: Asl\u0131nda bu s\u00fcrece dair konu\u015fulacak \u00e7ok bir \u015fey yok. Haluk Levent\u2019in yapt\u0131\u011f\u0131 \u015fey t\u00fcm T\u00fcrkiye\u2019ye \u00f6rnek olmas\u0131 gereken bir \u015fey. D\u00fc\u015f\u00fcnsenize T\u00fcrkiye\u2019de kendine sanat\u00e7\u0131 diyen ne insanlar var; bizimle o sahneyi payla\u015fan\u2026 Tabii ki kimse bize yard\u0131m etmek, destek olmak zorunda de\u011fil, kastetti\u011fim bu de\u011fil. Ama her birinin bo\u011fazda \u00e7al\u0131\u015fan d\u00fckkanlar\u0131 varken \u201ckonser yok, i\u015f yok! Biz ne ya\u011faca\u011f\u0131z\u201d diye a\u011flamalar\u0131 samimi de\u011fil. Haluk Levent benim i\u00e7in \u00e7ocuklu\u011fumda ismini duydu\u011fum, karde\u015flerim dinlerken kendimi var etme \u00e7abas\u0131 i\u00e7inde tan\u0131d\u0131\u011f\u0131m, m\u00fczi\u011fini dinledi\u011fim, yolda y\u00fcr\u00fcrken a\u011fz\u0131ma dolanan par\u00e7alar\u0131n sahibi bir adam. Bug\u00fcn bu s\u00f6yledi\u011fim isimlerin hi\u00e7biri tenezz\u00fcl etmezken bizlere kendi kazanc\u0131n\u0131 destek olarak verdi. Sebep? Mecbur muydu, reklam m\u0131 yap\u0131yordu? Hay\u0131r. sadece sahnede beraber ter d\u00f6kt\u00fc\u011f\u00fc insanlar\u0131 unutmad\u0131. Konser otob\u00fcs\u00fcnde yan yana oturdu\u011fu \u0131\u015f\u0131k\u00e7\u0131dan, ses\u00e7iden, orkestras\u0131nda \u00e7alan m\u00fczisyenden, rodisinden, bizden bahsediyorum. Haluk Levent elinden geldi\u011fince var ediyor. Sadece sanatla de\u011fil, yapt\u0131\u011f\u0131 bir\u00e7ok \u015feyle de bunun kar\u015f\u0131l\u0131\u011f\u0131n\u0131 veriyor.<\/p>\n<p><strong>Y.A.<\/strong>: Haluk Levent\u2019e ve Birlik Sendikas\u0131\u2019na vermi\u015f olduklar\u0131 destekten \u00f6t\u00fcr\u00fc \u00e7ok te\u015fekk\u00fcr ederim. Dayan\u0131\u015fmaya fazlas\u0131yla ihtiyac\u0131m\u0131z olan b\u00f6yle bir d\u00f6nemde benim i\u00e7in \u00e7ok anlaml\u0131 bir destek oldu, g\u00fc\u00e7 verdi.<\/p>\n<h1>&#8216;Gelin birlik olal\u0131m&#8217;<\/h1>\n<h3>Peki son olarak sizin gibi bu sekt\u00f6re emek veren binlerce m\u00fczik emek\u00e7ilerine s\u00f6ylemek istedi\u011finiz neler var?<\/h3>\n<p><strong>R.A.<\/strong>: Gelin, birlik olal\u0131m. Sesimizi hep beraber daha g\u00fc\u00e7l\u00fc \u00e7\u0131karal\u0131m. Bize &#8220;Biz insan de\u011fil miyiz&#8221; dedirten sisteme kim oldu\u011fumuzu, ne istedi\u011fimizi, neleri yapmakla y\u00fck\u00fcml\u00fc olduklar\u0131n\u0131 hep beraber g\u00f6sterelim. Yaln\u0131z de\u011filsiniz!<\/p>\n<p><strong>\u00d6.B.<\/strong>: Bu sekt\u00f6rde \u00e7ok insan tan\u0131d\u0131m. Hepsi bana birer deneyim oldular. Beraber bir s\u00fcr\u00fc i\u015f yapt\u0131k. Sanat\u00e7\u0131yla kuliste oturdum, sahnede case \u00fczerinde yatt\u0131m. Hep ayn\u0131 \u015feyleri konu\u015ftuk hepimiz. Mesela trasta t\u0131rman\u0131rken ki g\u00fcvenli\u011fimizi d\u00fc\u015f\u00fcnd\u00fck. Kendi cebimizden ald\u0131\u011f\u0131m\u0131z yemekleri, bize sunulan yemekleri, bir s\u00fcr\u00fc i\u015f yapsak da az para almay\u0131 ve hatta para alamamay\u0131\u2026 Bir s\u00fcr\u00fc sorun var bu sekt\u00f6rde. \u0130lk g\u00f6zden \u00e7\u0131kar\u0131lan olduk ve gelecek kayg\u0131s\u0131 ile ya\u015famak rutinimiz oldu. \u0130nsanlar bizi m\u00fczi\u011fin i\u00e7indeyiz diye s\u00fcrekli \u015fehir geziyoruz, mutlu ve sorunsuz \u00e7al\u0131\u015f\u0131yor san\u0131yorlar. Ama ald\u0131\u011f\u0131 para ile \u00e7ocuklar\u0131n\u0131 okutmaya \u00e7al\u0131\u015fanlar, hayatta kalmaya \u00e7al\u0131\u015fanlar var. Ben tan\u0131d\u0131\u011f\u0131m herkese s\u00f6yledim ve gene s\u00f6yleyece\u011fim: \u201cMekan sahibi mafyalardan, \u00e7al\u0131\u015fan\u0131n eme\u011fini vermeyen patronlardan, fazla \u00e7al\u0131\u015ft\u0131r\u0131p yemek yedirmeyenden zorbalardan yana olmay\u0131n\u201d. Siz onlardan yana olmay\u0131n ki bu sekt\u00f6rde biz olmazsak kimsenin bir \u015fey yapamayaca\u011f\u0131 anla\u015f\u0131ls\u0131n.<\/p>\n<p><strong>Y.A.<\/strong>: Bu karanl\u0131k g\u00fcnlerden ancak birlik olarak, sesimizi beraber y\u00fckselterek \u00e7\u0131kabilece\u011fimize inan\u0131yorum. Hepimize sab\u0131r ve dayan\u0131\u015fma ruhu diliyorum.<\/p>\n<p>Kaynak: https:\/\/sol.org.tr\/haber\/muzik-emekcileri-zorlu-gecen-yili-anlatti-gelin-birlik-olalim-29339<\/p>\n","protected":false},"excerpt":{"rendered":"<p>Birlik Sendikas\u0131\u2019nda \u00f6rg\u00fctl\u00fc m\u00fczik emek\u00e7ileri Furkan Karakaya, Ya\u011fmur Alev, \u00d6zkan Boyo\u011flu ve R\u0131dvan Akparlak ile zorlu ge\u00e7en y\u0131l\u0131; sendikay\u0131 ve<\/p>\n","protected":false},"author":6,"featured_media":2507,"comment_status":"closed","ping_status":"closed","sticky":false,"template":"","format":"standard","meta":{"colormag_page_container_layout":"default_layout","colormag_page_sidebar_layout":"default_layout","footnotes":""},"categories":[25,1,46],"tags":[],"class_list":["post-2506","post","type-post","status-publish","format-standard","has-post-thumbnail","hentry","category-basin","category-haber","category-muzik-emekcileri"],"yoast_head":"<!-- This site is optimized with the Yoast SEO plugin v26.7 - https:\/\/yoast.com\/wordpress\/plugins\/seo\/ -->\n<title>M\u00fczik emek\u00e7ileri zorlu ge\u00e7en y\u0131l\u0131 anlatt\u0131: Gelin birlik olal\u0131m! | Birlik Sendikas\u0131<\/title>\n<meta name=\"robots\" content=\"index, follow, max-snippet:-1, max-image-preview:large, max-video-preview:-1\" \/>\n<link rel=\"canonical\" href=\"https:\/\/birliksendikasi.org\/index.php\/2021\/04\/05\/muzik-emekcileri-zorlu-gecen-yili-anlatti-gelin-birlik-olalim\" \/>\n<meta property=\"og:locale\" content=\"tr_TR\" \/>\n<meta property=\"og:type\" content=\"article\" \/>\n<meta property=\"og:title\" content=\"M\u00fczik emek\u00e7ileri zorlu ge\u00e7en y\u0131l\u0131 anlatt\u0131: Gelin birlik olal\u0131m! | Birlik Sendikas\u0131\" \/>\n<meta property=\"og:description\" content=\"Birlik Sendikas\u0131\u2019nda \u00f6rg\u00fctl\u00fc m\u00fczik emek\u00e7ileri Furkan Karakaya, Ya\u011fmur Alev, \u00d6zkan Boyo\u011flu ve R\u0131dvan Akparlak ile zorlu ge\u00e7en y\u0131l\u0131; sendikay\u0131 ve\" \/>\n<meta property=\"og:url\" content=\"https:\/\/birliksendikasi.org\/index.php\/2021\/04\/05\/muzik-emekcileri-zorlu-gecen-yili-anlatti-gelin-birlik-olalim\" \/>\n<meta property=\"og:site_name\" content=\"Birlik Sendikas\u0131\" \/>\n<meta property=\"article:publisher\" content=\"https:\/\/www.facebook.com\/BirlikSendikasi\" \/>\n<meta property=\"article:published_time\" content=\"2021-04-05T07:39:14+00:00\" \/>\n<meta property=\"article:modified_time\" content=\"2021-04-05T07:43:38+00:00\" \/>\n<meta property=\"og:image\" content=\"https:\/\/birliksendikasi.org\/wp-content\/uploads\/2021\/04\/muzikemekcileri_birliksendikasi.jpg\" \/>\n\t<meta property=\"og:image:width\" content=\"832\" \/>\n\t<meta property=\"og:image:height\" content=\"468\" \/>\n\t<meta property=\"og:image:type\" content=\"image\/jpeg\" \/>\n<meta name=\"author\" content=\"Alican Kayhan\" \/>\n<meta name=\"twitter:card\" content=\"summary_large_image\" \/>\n<meta name=\"twitter:creator\" content=\"@birliksendikasi\" \/>\n<meta name=\"twitter:site\" content=\"@birliksendikasi\" \/>\n<meta name=\"twitter:label1\" content=\"Yazan:\" \/>\n\t<meta name=\"twitter:data1\" content=\"Alican Kayhan\" \/>\n\t<meta name=\"twitter:label2\" content=\"Tahmini okuma s\u00fcresi\" \/>\n\t<meta name=\"twitter:data2\" content=\"7 dakika\" \/>\n<script type=\"application\/ld+json\" class=\"yoast-schema-graph\">{\"@context\":\"https:\/\/schema.org\",\"@graph\":[{\"@type\":\"Article\",\"@id\":\"https:\/\/birliksendikasi.org\/index.php\/2021\/04\/05\/muzik-emekcileri-zorlu-gecen-yili-anlatti-gelin-birlik-olalim#article\",\"isPartOf\":{\"@id\":\"https:\/\/birliksendikasi.org\/index.php\/2021\/04\/05\/muzik-emekcileri-zorlu-gecen-yili-anlatti-gelin-birlik-olalim\"},\"author\":{\"name\":\"Alican Kayhan\",\"@id\":\"https:\/\/birliksendikasi.org\/#\/schema\/person\/3b21ca57625532249297cdadd50767b1\"},\"headline\":\"M\u00fczik emek\u00e7ileri zorlu ge\u00e7en y\u0131l\u0131 anlatt\u0131: Gelin birlik olal\u0131m!\",\"datePublished\":\"2021-04-05T07:39:14+00:00\",\"dateModified\":\"2021-04-05T07:43:38+00:00\",\"mainEntityOfPage\":{\"@id\":\"https:\/\/birliksendikasi.org\/index.php\/2021\/04\/05\/muzik-emekcileri-zorlu-gecen-yili-anlatti-gelin-birlik-olalim\"},\"wordCount\":2163,\"publisher\":{\"@id\":\"https:\/\/birliksendikasi.org\/#organization\"},\"image\":{\"@id\":\"https:\/\/birliksendikasi.org\/index.php\/2021\/04\/05\/muzik-emekcileri-zorlu-gecen-yili-anlatti-gelin-birlik-olalim#primaryimage\"},\"thumbnailUrl\":\"https:\/\/birliksendikasi.org\/wp-content\/uploads\/2021\/04\/muzikemekcileri_birliksendikasi.jpg\",\"articleSection\":[\"Bas\u0131n\",\"Haber\",\"M\u00fczik Emek\u00e7ileri\"],\"inLanguage\":\"tr\"},{\"@type\":\"WebPage\",\"@id\":\"https:\/\/birliksendikasi.org\/index.php\/2021\/04\/05\/muzik-emekcileri-zorlu-gecen-yili-anlatti-gelin-birlik-olalim\",\"url\":\"https:\/\/birliksendikasi.org\/index.php\/2021\/04\/05\/muzik-emekcileri-zorlu-gecen-yili-anlatti-gelin-birlik-olalim\",\"name\":\"M\u00fczik emek\u00e7ileri zorlu ge\u00e7en y\u0131l\u0131 anlatt\u0131: Gelin birlik olal\u0131m! | Birlik Sendikas\u0131\",\"isPartOf\":{\"@id\":\"https:\/\/birliksendikasi.org\/#website\"},\"primaryImageOfPage\":{\"@id\":\"https:\/\/birliksendikasi.org\/index.php\/2021\/04\/05\/muzik-emekcileri-zorlu-gecen-yili-anlatti-gelin-birlik-olalim#primaryimage\"},\"image\":{\"@id\":\"https:\/\/birliksendikasi.org\/index.php\/2021\/04\/05\/muzik-emekcileri-zorlu-gecen-yili-anlatti-gelin-birlik-olalim#primaryimage\"},\"thumbnailUrl\":\"https:\/\/birliksendikasi.org\/wp-content\/uploads\/2021\/04\/muzikemekcileri_birliksendikasi.jpg\",\"datePublished\":\"2021-04-05T07:39:14+00:00\",\"dateModified\":\"2021-04-05T07:43:38+00:00\",\"breadcrumb\":{\"@id\":\"https:\/\/birliksendikasi.org\/index.php\/2021\/04\/05\/muzik-emekcileri-zorlu-gecen-yili-anlatti-gelin-birlik-olalim#breadcrumb\"},\"inLanguage\":\"tr\",\"potentialAction\":[{\"@type\":\"ReadAction\",\"target\":[\"https:\/\/birliksendikasi.org\/index.php\/2021\/04\/05\/muzik-emekcileri-zorlu-gecen-yili-anlatti-gelin-birlik-olalim\"]}]},{\"@type\":\"ImageObject\",\"inLanguage\":\"tr\",\"@id\":\"https:\/\/birliksendikasi.org\/index.php\/2021\/04\/05\/muzik-emekcileri-zorlu-gecen-yili-anlatti-gelin-birlik-olalim#primaryimage\",\"url\":\"https:\/\/birliksendikasi.org\/wp-content\/uploads\/2021\/04\/muzikemekcileri_birliksendikasi.jpg\",\"contentUrl\":\"https:\/\/birliksendikasi.org\/wp-content\/uploads\/2021\/04\/muzikemekcileri_birliksendikasi.jpg\",\"width\":832,\"height\":468},{\"@type\":\"BreadcrumbList\",\"@id\":\"https:\/\/birliksendikasi.org\/index.php\/2021\/04\/05\/muzik-emekcileri-zorlu-gecen-yili-anlatti-gelin-birlik-olalim#breadcrumb\",\"itemListElement\":[{\"@type\":\"ListItem\",\"position\":1,\"name\":\"Ana sayfa\",\"item\":\"https:\/\/birliksendikasi.org\/\"},{\"@type\":\"ListItem\",\"position\":2,\"name\":\"M\u00fczik emek\u00e7ileri zorlu ge\u00e7en y\u0131l\u0131 anlatt\u0131: Gelin birlik olal\u0131m!\"}]},{\"@type\":\"WebSite\",\"@id\":\"https:\/\/birliksendikasi.org\/#website\",\"url\":\"https:\/\/birliksendikasi.org\/\",\"name\":\"Birlik Sendikas\u0131\",\"description\":\"G\u00fcc\u00fcm\u00fcz Birli\u011fimizdir\",\"publisher\":{\"@id\":\"https:\/\/birliksendikasi.org\/#organization\"},\"potentialAction\":[{\"@type\":\"SearchAction\",\"target\":{\"@type\":\"EntryPoint\",\"urlTemplate\":\"https:\/\/birliksendikasi.org\/?s={search_term_string}\"},\"query-input\":{\"@type\":\"PropertyValueSpecification\",\"valueRequired\":true,\"valueName\":\"search_term_string\"}}],\"inLanguage\":\"tr\"},{\"@type\":\"Organization\",\"@id\":\"https:\/\/birliksendikasi.org\/#organization\",\"name\":\"Birlik Sendikas\u0131\",\"url\":\"https:\/\/birliksendikasi.org\/\",\"logo\":{\"@type\":\"ImageObject\",\"inLanguage\":\"tr\",\"@id\":\"https:\/\/birliksendikasi.org\/#\/schema\/logo\/image\/\",\"url\":\"https:\/\/birliksendikasi.org\/wp-content\/uploads\/2020\/12\/birlik_logo_large.png\",\"contentUrl\":\"https:\/\/birliksendikasi.org\/wp-content\/uploads\/2020\/12\/birlik_logo_large.png\",\"width\":2032,\"height\":2212,\"caption\":\"Birlik Sendikas\u0131\"},\"image\":{\"@id\":\"https:\/\/birliksendikasi.org\/#\/schema\/logo\/image\/\"},\"sameAs\":[\"https:\/\/www.facebook.com\/BirlikSendikasi\",\"https:\/\/x.com\/birliksendikasi\",\"https:\/\/www.instagram.com\/birliksendikasi\/\",\"https:\/\/www.youtube.com\/channel\/UCLZYFA0siLyRzLKNR75Pp_g\"]},{\"@type\":\"Person\",\"@id\":\"https:\/\/birliksendikasi.org\/#\/schema\/person\/3b21ca57625532249297cdadd50767b1\",\"name\":\"Alican Kayhan\"}]}<\/script>\n<!-- \/ Yoast SEO plugin. -->","yoast_head_json":{"title":"M\u00fczik emek\u00e7ileri zorlu ge\u00e7en y\u0131l\u0131 anlatt\u0131: Gelin birlik olal\u0131m! | Birlik Sendikas\u0131","robots":{"index":"index","follow":"follow","max-snippet":"max-snippet:-1","max-image-preview":"max-image-preview:large","max-video-preview":"max-video-preview:-1"},"canonical":"https:\/\/birliksendikasi.org\/index.php\/2021\/04\/05\/muzik-emekcileri-zorlu-gecen-yili-anlatti-gelin-birlik-olalim","og_locale":"tr_TR","og_type":"article","og_title":"M\u00fczik emek\u00e7ileri zorlu ge\u00e7en y\u0131l\u0131 anlatt\u0131: Gelin birlik olal\u0131m! | Birlik Sendikas\u0131","og_description":"Birlik Sendikas\u0131\u2019nda \u00f6rg\u00fctl\u00fc m\u00fczik emek\u00e7ileri Furkan Karakaya, Ya\u011fmur Alev, \u00d6zkan Boyo\u011flu ve R\u0131dvan Akparlak ile zorlu ge\u00e7en y\u0131l\u0131; sendikay\u0131 ve","og_url":"https:\/\/birliksendikasi.org\/index.php\/2021\/04\/05\/muzik-emekcileri-zorlu-gecen-yili-anlatti-gelin-birlik-olalim","og_site_name":"Birlik Sendikas\u0131","article_publisher":"https:\/\/www.facebook.com\/BirlikSendikasi","article_published_time":"2021-04-05T07:39:14+00:00","article_modified_time":"2021-04-05T07:43:38+00:00","og_image":[{"width":832,"height":468,"url":"https:\/\/birliksendikasi.org\/wp-content\/uploads\/2021\/04\/muzikemekcileri_birliksendikasi.jpg","type":"image\/jpeg"}],"author":"Alican Kayhan","twitter_card":"summary_large_image","twitter_creator":"@birliksendikasi","twitter_site":"@birliksendikasi","twitter_misc":{"Yazan:":"Alican Kayhan","Tahmini okuma s\u00fcresi":"7 dakika"},"schema":{"@context":"https:\/\/schema.org","@graph":[{"@type":"Article","@id":"https:\/\/birliksendikasi.org\/index.php\/2021\/04\/05\/muzik-emekcileri-zorlu-gecen-yili-anlatti-gelin-birlik-olalim#article","isPartOf":{"@id":"https:\/\/birliksendikasi.org\/index.php\/2021\/04\/05\/muzik-emekcileri-zorlu-gecen-yili-anlatti-gelin-birlik-olalim"},"author":{"name":"Alican Kayhan","@id":"https:\/\/birliksendikasi.org\/#\/schema\/person\/3b21ca57625532249297cdadd50767b1"},"headline":"M\u00fczik emek\u00e7ileri zorlu ge\u00e7en y\u0131l\u0131 anlatt\u0131: Gelin birlik olal\u0131m!","datePublished":"2021-04-05T07:39:14+00:00","dateModified":"2021-04-05T07:43:38+00:00","mainEntityOfPage":{"@id":"https:\/\/birliksendikasi.org\/index.php\/2021\/04\/05\/muzik-emekcileri-zorlu-gecen-yili-anlatti-gelin-birlik-olalim"},"wordCount":2163,"publisher":{"@id":"https:\/\/birliksendikasi.org\/#organization"},"image":{"@id":"https:\/\/birliksendikasi.org\/index.php\/2021\/04\/05\/muzik-emekcileri-zorlu-gecen-yili-anlatti-gelin-birlik-olalim#primaryimage"},"thumbnailUrl":"https:\/\/birliksendikasi.org\/wp-content\/uploads\/2021\/04\/muzikemekcileri_birliksendikasi.jpg","articleSection":["Bas\u0131n","Haber","M\u00fczik Emek\u00e7ileri"],"inLanguage":"tr"},{"@type":"WebPage","@id":"https:\/\/birliksendikasi.org\/index.php\/2021\/04\/05\/muzik-emekcileri-zorlu-gecen-yili-anlatti-gelin-birlik-olalim","url":"https:\/\/birliksendikasi.org\/index.php\/2021\/04\/05\/muzik-emekcileri-zorlu-gecen-yili-anlatti-gelin-birlik-olalim","name":"M\u00fczik emek\u00e7ileri zorlu ge\u00e7en y\u0131l\u0131 anlatt\u0131: Gelin birlik olal\u0131m! | Birlik Sendikas\u0131","isPartOf":{"@id":"https:\/\/birliksendikasi.org\/#website"},"primaryImageOfPage":{"@id":"https:\/\/birliksendikasi.org\/index.php\/2021\/04\/05\/muzik-emekcileri-zorlu-gecen-yili-anlatti-gelin-birlik-olalim#primaryimage"},"image":{"@id":"https:\/\/birliksendikasi.org\/index.php\/2021\/04\/05\/muzik-emekcileri-zorlu-gecen-yili-anlatti-gelin-birlik-olalim#primaryimage"},"thumbnailUrl":"https:\/\/birliksendikasi.org\/wp-content\/uploads\/2021\/04\/muzikemekcileri_birliksendikasi.jpg","datePublished":"2021-04-05T07:39:14+00:00","dateModified":"2021-04-05T07:43:38+00:00","breadcrumb":{"@id":"https:\/\/birliksendikasi.org\/index.php\/2021\/04\/05\/muzik-emekcileri-zorlu-gecen-yili-anlatti-gelin-birlik-olalim#breadcrumb"},"inLanguage":"tr","potentialAction":[{"@type":"ReadAction","target":["https:\/\/birliksendikasi.org\/index.php\/2021\/04\/05\/muzik-emekcileri-zorlu-gecen-yili-anlatti-gelin-birlik-olalim"]}]},{"@type":"ImageObject","inLanguage":"tr","@id":"https:\/\/birliksendikasi.org\/index.php\/2021\/04\/05\/muzik-emekcileri-zorlu-gecen-yili-anlatti-gelin-birlik-olalim#primaryimage","url":"https:\/\/birliksendikasi.org\/wp-content\/uploads\/2021\/04\/muzikemekcileri_birliksendikasi.jpg","contentUrl":"https:\/\/birliksendikasi.org\/wp-content\/uploads\/2021\/04\/muzikemekcileri_birliksendikasi.jpg","width":832,"height":468},{"@type":"BreadcrumbList","@id":"https:\/\/birliksendikasi.org\/index.php\/2021\/04\/05\/muzik-emekcileri-zorlu-gecen-yili-anlatti-gelin-birlik-olalim#breadcrumb","itemListElement":[{"@type":"ListItem","position":1,"name":"Ana sayfa","item":"https:\/\/birliksendikasi.org\/"},{"@type":"ListItem","position":2,"name":"M\u00fczik emek\u00e7ileri zorlu ge\u00e7en y\u0131l\u0131 anlatt\u0131: Gelin birlik olal\u0131m!"}]},{"@type":"WebSite","@id":"https:\/\/birliksendikasi.org\/#website","url":"https:\/\/birliksendikasi.org\/","name":"Birlik Sendikas\u0131","description":"G\u00fcc\u00fcm\u00fcz Birli\u011fimizdir","publisher":{"@id":"https:\/\/birliksendikasi.org\/#organization"},"potentialAction":[{"@type":"SearchAction","target":{"@type":"EntryPoint","urlTemplate":"https:\/\/birliksendikasi.org\/?s={search_term_string}"},"query-input":{"@type":"PropertyValueSpecification","valueRequired":true,"valueName":"search_term_string"}}],"inLanguage":"tr"},{"@type":"Organization","@id":"https:\/\/birliksendikasi.org\/#organization","name":"Birlik Sendikas\u0131","url":"https:\/\/birliksendikasi.org\/","logo":{"@type":"ImageObject","inLanguage":"tr","@id":"https:\/\/birliksendikasi.org\/#\/schema\/logo\/image\/","url":"https:\/\/birliksendikasi.org\/wp-content\/uploads\/2020\/12\/birlik_logo_large.png","contentUrl":"https:\/\/birliksendikasi.org\/wp-content\/uploads\/2020\/12\/birlik_logo_large.png","width":2032,"height":2212,"caption":"Birlik Sendikas\u0131"},"image":{"@id":"https:\/\/birliksendikasi.org\/#\/schema\/logo\/image\/"},"sameAs":["https:\/\/www.facebook.com\/BirlikSendikasi","https:\/\/x.com\/birliksendikasi","https:\/\/www.instagram.com\/birliksendikasi\/","https:\/\/www.youtube.com\/channel\/UCLZYFA0siLyRzLKNR75Pp_g"]},{"@type":"Person","@id":"https:\/\/birliksendikasi.org\/#\/schema\/person\/3b21ca57625532249297cdadd50767b1","name":"Alican Kayhan"}]}},"_links":{"self":[{"href":"https:\/\/birliksendikasi.org\/index.php\/wp-json\/wp\/v2\/posts\/2506","targetHints":{"allow":["GET"]}}],"collection":[{"href":"https:\/\/birliksendikasi.org\/index.php\/wp-json\/wp\/v2\/posts"}],"about":[{"href":"https:\/\/birliksendikasi.org\/index.php\/wp-json\/wp\/v2\/types\/post"}],"author":[{"embeddable":true,"href":"https:\/\/birliksendikasi.org\/index.php\/wp-json\/wp\/v2\/users\/6"}],"replies":[{"embeddable":true,"href":"https:\/\/birliksendikasi.org\/index.php\/wp-json\/wp\/v2\/comments?post=2506"}],"version-history":[{"count":2,"href":"https:\/\/birliksendikasi.org\/index.php\/wp-json\/wp\/v2\/posts\/2506\/revisions"}],"predecessor-version":[{"id":2509,"href":"https:\/\/birliksendikasi.org\/index.php\/wp-json\/wp\/v2\/posts\/2506\/revisions\/2509"}],"wp:featuredmedia":[{"embeddable":true,"href":"https:\/\/birliksendikasi.org\/index.php\/wp-json\/wp\/v2\/media\/2507"}],"wp:attachment":[{"href":"https:\/\/birliksendikasi.org\/index.php\/wp-json\/wp\/v2\/media?parent=2506"}],"wp:term":[{"taxonomy":"category","embeddable":true,"href":"https:\/\/birliksendikasi.org\/index.php\/wp-json\/wp\/v2\/categories?post=2506"},{"taxonomy":"post_tag","embeddable":true,"href":"https:\/\/birliksendikasi.org\/index.php\/wp-json\/wp\/v2\/tags?post=2506"}],"curies":[{"name":"wp","href":"https:\/\/api.w.org\/{rel}","templated":true}]}}