{"id":3208,"date":"2022-03-01T15:52:34","date_gmt":"2022-03-01T12:52:34","guid":{"rendered":"https:\/\/birliksendikasi.org\/?p=3208"},"modified":"2022-03-01T15:55:03","modified_gmt":"2022-03-01T12:55:03","slug":"savasa-ve-emperyalizmin-yayilmaci-politikalarina-hayir","status":"publish","type":"post","link":"https:\/\/birliksendikasi.org\/index.php\/2022\/03\/01\/savasa-ve-emperyalizmin-yayilmaci-politikalarina-hayir","title":{"rendered":"Sava\u015fa ve Emperyalizmin Yay\u0131lmac\u0131 Politikalar\u0131na Hay\u0131r!"},"content":{"rendered":"<p>Bug\u00fcn Avrupa\u2019da yeni bir sava\u015fa tan\u0131kl\u0131k ediyoruz. Uzun s\u00fcredir ABD, NATO ve AB eliyle k\u0131\u015fk\u0131rt\u0131lan gerilim bir sava\u015fa d\u00f6n\u00fc\u015ft\u00fc. Rusya\u2019n\u0131n Ukrayna\u2019ya sald\u0131r\u0131s\u0131na da uzun s\u00fcredir devam eden NATO k\u0131\u015fk\u0131rtmas\u0131na da kar\u015f\u0131y\u0131z.<\/p>\n<p>Emperyalistlerin, uluslararas\u0131 sermayenin kanl\u0131 planlar\u0131n\u0131n sonucunu emek\u00e7iler canlar\u0131yla ve daha da artan hayat pahal\u0131l\u0131\u011f\u0131 ile \u00f6d\u00fcyor. Her sava\u015fta oldu\u011fu gibi bunda da \u00f6len, yoksulla\u015fan emek\u00e7iler\u2026<br \/>\nEmperyalistlerin yay\u0131lmac\u0131 politikalar\u0131na ve sald\u0131r\u0131lar\u0131na kar\u015f\u0131 emek\u00e7ileri sermaye s\u0131n\u0131f\u0131ndan ve emperyalizmden hesap sormaya \u00e7a\u011f\u0131r\u0131yoruz. Bu sald\u0131r\u0131lar\u0131 ve sava\u015f\u0131 ancak emek\u00e7iler durdurabilir.<\/p>\n<p>Emperyalist sava\u015fa hay\u0131r!<\/p>\n<p>B\u0130RL\u0130K SEND\u0130KASI<\/p>\n","protected":false},"excerpt":{"rendered":"<p>Bug\u00fcn Avrupa\u2019da yeni bir sava\u015fa tan\u0131kl\u0131k ediyoruz. Uzun s\u00fcredir ABD, NATO ve AB eliyle k\u0131\u015fk\u0131rt\u0131lan gerilim bir sava\u015fa d\u00f6n\u00fc\u015ft\u00fc. Rusya\u2019n\u0131n<\/p>\n","protected":false},"author":1,"featured_media":2900,"comment_status":"closed","ping_status":"closed","sticky":false,"template":"","format":"standard","meta":{"colormag_page_container_layout":"default_layout","colormag_page_sidebar_layout":"default_layout","footnotes":""},"categories":[1,15],"tags":[],"class_list":["post-3208","post","type-post","status-publish","format-standard","has-post-thumbnail","hentry","category-haber","category-manset"],"yoast_head":"<!-- This site is optimized with the Yoast SEO plugin v26.7 - https:\/\/yoast.com\/wordpress\/plugins\/seo\/ -->\n<title>Sava\u015fa ve Emperyalizmin Yay\u0131lmac\u0131 Politikalar\u0131na Hay\u0131r! | Birlik Sendikas\u0131<\/title>\n<meta name=\"robots\" content=\"index, follow, max-snippet:-1, max-image-preview:large, max-video-preview:-1\" \/>\n<link rel=\"canonical\" href=\"https:\/\/birliksendikasi.org\/index.php\/2022\/03\/01\/savasa-ve-emperyalizmin-yayilmaci-politikalarina-hayir\" \/>\n<meta property=\"og:locale\" content=\"tr_TR\" \/>\n<meta property=\"og:type\" content=\"article\" \/>\n<meta property=\"og:title\" content=\"Sava\u015fa ve Emperyalizmin Yay\u0131lmac\u0131 Politikalar\u0131na Hay\u0131r! | Birlik Sendikas\u0131\" \/>\n<meta property=\"og:description\" content=\"Bug\u00fcn Avrupa\u2019da yeni bir sava\u015fa tan\u0131kl\u0131k ediyoruz. Uzun s\u00fcredir ABD, NATO ve AB eliyle k\u0131\u015fk\u0131rt\u0131lan gerilim bir sava\u015fa d\u00f6n\u00fc\u015ft\u00fc. Rusya\u2019n\u0131n\" \/>\n<meta property=\"og:url\" content=\"https:\/\/birliksendikasi.org\/index.php\/2022\/03\/01\/savasa-ve-emperyalizmin-yayilmaci-politikalarina-hayir\" \/>\n<meta property=\"og:site_name\" content=\"Birlik Sendikas\u0131\" \/>\n<meta property=\"article:publisher\" content=\"https:\/\/www.facebook.com\/BirlikSendikasi\" \/>\n<meta property=\"article:published_time\" content=\"2022-03-01T12:52:34+00:00\" \/>\n<meta property=\"article:modified_time\" content=\"2022-03-01T12:55:03+00:00\" \/>\n<meta property=\"og:image\" content=\"https:\/\/birliksendikasi.org\/wp-content\/uploads\/2021\/09\/sadeceLogo.png\" \/>\n\t<meta property=\"og:image:width\" content=\"832\" \/>\n\t<meta property=\"og:image:height\" content=\"468\" \/>\n\t<meta property=\"og:image:type\" content=\"image\/png\" \/>\n<meta name=\"author\" content=\"bsadmin\" \/>\n<meta name=\"twitter:card\" content=\"summary_large_image\" \/>\n<meta name=\"twitter:creator\" content=\"@birliksendikasi\" \/>\n<meta name=\"twitter:site\" content=\"@birliksendikasi\" \/>\n<meta name=\"twitter:label1\" content=\"Yazan:\" \/>\n\t<meta name=\"twitter:data1\" content=\"bsadmin\" \/>\n\t<meta name=\"twitter:label2\" content=\"Tahmini okuma s\u00fcresi\" \/>\n\t<meta name=\"twitter:data2\" content=\"1 dakika\" \/>\n<script type=\"application\/ld+json\" class=\"yoast-schema-graph\">{\"@context\":\"https:\/\/schema.org\",\"@graph\":[{\"@type\":\"Article\",\"@id\":\"https:\/\/birliksendikasi.org\/index.php\/2022\/03\/01\/savasa-ve-emperyalizmin-yayilmaci-politikalarina-hayir#article\",\"isPartOf\":{\"@id\":\"https:\/\/birliksendikasi.org\/index.php\/2022\/03\/01\/savasa-ve-emperyalizmin-yayilmaci-politikalarina-hayir\"},\"author\":{\"name\":\"bsadmin\",\"@id\":\"https:\/\/birliksendikasi.org\/#\/schema\/person\/19796741c85c3fcab6ab56b89aab6b4b\"},\"headline\":\"Sava\u015fa ve Emperyalizmin Yay\u0131lmac\u0131 Politikalar\u0131na Hay\u0131r!\",\"datePublished\":\"2022-03-01T12:52:34+00:00\",\"dateModified\":\"2022-03-01T12:55:03+00:00\",\"mainEntityOfPage\":{\"@id\":\"https:\/\/birliksendikasi.org\/index.php\/2022\/03\/01\/savasa-ve-emperyalizmin-yayilmaci-politikalarina-hayir\"},\"wordCount\":145,\"publisher\":{\"@id\":\"https:\/\/birliksendikasi.org\/#organization\"},\"image\":{\"@id\":\"https:\/\/birliksendikasi.org\/index.php\/2022\/03\/01\/savasa-ve-emperyalizmin-yayilmaci-politikalarina-hayir#primaryimage\"},\"thumbnailUrl\":\"https:\/\/birliksendikasi.org\/wp-content\/uploads\/2021\/09\/sadeceLogo.png\",\"articleSection\":[\"Haber\",\"Man\u015fet\"],\"inLanguage\":\"tr\"},{\"@type\":\"WebPage\",\"@id\":\"https:\/\/birliksendikasi.org\/index.php\/2022\/03\/01\/savasa-ve-emperyalizmin-yayilmaci-politikalarina-hayir\",\"url\":\"https:\/\/birliksendikasi.org\/index.php\/2022\/03\/01\/savasa-ve-emperyalizmin-yayilmaci-politikalarina-hayir\",\"name\":\"Sava\u015fa ve Emperyalizmin Yay\u0131lmac\u0131 Politikalar\u0131na Hay\u0131r! | Birlik Sendikas\u0131\",\"isPartOf\":{\"@id\":\"https:\/\/birliksendikasi.org\/#website\"},\"primaryImageOfPage\":{\"@id\":\"https:\/\/birliksendikasi.org\/index.php\/2022\/03\/01\/savasa-ve-emperyalizmin-yayilmaci-politikalarina-hayir#primaryimage\"},\"image\":{\"@id\":\"https:\/\/birliksendikasi.org\/index.php\/2022\/03\/01\/savasa-ve-emperyalizmin-yayilmaci-politikalarina-hayir#primaryimage\"},\"thumbnailUrl\":\"https:\/\/birliksendikasi.org\/wp-content\/uploads\/2021\/09\/sadeceLogo.png\",\"datePublished\":\"2022-03-01T12:52:34+00:00\",\"dateModified\":\"2022-03-01T12:55:03+00:00\",\"breadcrumb\":{\"@id\":\"https:\/\/birliksendikasi.org\/index.php\/2022\/03\/01\/savasa-ve-emperyalizmin-yayilmaci-politikalarina-hayir#breadcrumb\"},\"inLanguage\":\"tr\",\"potentialAction\":[{\"@type\":\"ReadAction\",\"target\":[\"https:\/\/birliksendikasi.org\/index.php\/2022\/03\/01\/savasa-ve-emperyalizmin-yayilmaci-politikalarina-hayir\"]}]},{\"@type\":\"ImageObject\",\"inLanguage\":\"tr\",\"@id\":\"https:\/\/birliksendikasi.org\/index.php\/2022\/03\/01\/savasa-ve-emperyalizmin-yayilmaci-politikalarina-hayir#primaryimage\",\"url\":\"https:\/\/birliksendikasi.org\/wp-content\/uploads\/2021\/09\/sadeceLogo.png\",\"contentUrl\":\"https:\/\/birliksendikasi.org\/wp-content\/uploads\/2021\/09\/sadeceLogo.png\",\"width\":832,\"height\":468},{\"@type\":\"BreadcrumbList\",\"@id\":\"https:\/\/birliksendikasi.org\/index.php\/2022\/03\/01\/savasa-ve-emperyalizmin-yayilmaci-politikalarina-hayir#breadcrumb\",\"itemListElement\":[{\"@type\":\"ListItem\",\"position\":1,\"name\":\"Ana sayfa\",\"item\":\"https:\/\/birliksendikasi.org\/\"},{\"@type\":\"ListItem\",\"position\":2,\"name\":\"Sava\u015fa ve Emperyalizmin Yay\u0131lmac\u0131 Politikalar\u0131na Hay\u0131r!\"}]},{\"@type\":\"WebSite\",\"@id\":\"https:\/\/birliksendikasi.org\/#website\",\"url\":\"https:\/\/birliksendikasi.org\/\",\"name\":\"Birlik Sendikas\u0131\",\"description\":\"G\u00fcc\u00fcm\u00fcz Birli\u011fimizdir\",\"publisher\":{\"@id\":\"https:\/\/birliksendikasi.org\/#organization\"},\"potentialAction\":[{\"@type\":\"SearchAction\",\"target\":{\"@type\":\"EntryPoint\",\"urlTemplate\":\"https:\/\/birliksendikasi.org\/?s={search_term_string}\"},\"query-input\":{\"@type\":\"PropertyValueSpecification\",\"valueRequired\":true,\"valueName\":\"search_term_string\"}}],\"inLanguage\":\"tr\"},{\"@type\":\"Organization\",\"@id\":\"https:\/\/birliksendikasi.org\/#organization\",\"name\":\"Birlik Sendikas\u0131\",\"url\":\"https:\/\/birliksendikasi.org\/\",\"logo\":{\"@type\":\"ImageObject\",\"inLanguage\":\"tr\",\"@id\":\"https:\/\/birliksendikasi.org\/#\/schema\/logo\/image\/\",\"url\":\"https:\/\/birliksendikasi.org\/wp-content\/uploads\/2020\/12\/birlik_logo_large.png\",\"contentUrl\":\"https:\/\/birliksendikasi.org\/wp-content\/uploads\/2020\/12\/birlik_logo_large.png\",\"width\":2032,\"height\":2212,\"caption\":\"Birlik Sendikas\u0131\"},\"image\":{\"@id\":\"https:\/\/birliksendikasi.org\/#\/schema\/logo\/image\/\"},\"sameAs\":[\"https:\/\/www.facebook.com\/BirlikSendikasi\",\"https:\/\/x.com\/birliksendikasi\",\"https:\/\/www.instagram.com\/birliksendikasi\/\",\"https:\/\/www.youtube.com\/channel\/UCLZYFA0siLyRzLKNR75Pp_g\"]},{\"@type\":\"Person\",\"@id\":\"https:\/\/birliksendikasi.org\/#\/schema\/person\/19796741c85c3fcab6ab56b89aab6b4b\",\"name\":\"bsadmin\",\"sameAs\":[\"http:\/\/birliksendikasi.org\"]}]}<\/script>\n<!-- \/ Yoast SEO plugin. -->","yoast_head_json":{"title":"Sava\u015fa ve Emperyalizmin Yay\u0131lmac\u0131 Politikalar\u0131na Hay\u0131r! | Birlik Sendikas\u0131","robots":{"index":"index","follow":"follow","max-snippet":"max-snippet:-1","max-image-preview":"max-image-preview:large","max-video-preview":"max-video-preview:-1"},"canonical":"https:\/\/birliksendikasi.org\/index.php\/2022\/03\/01\/savasa-ve-emperyalizmin-yayilmaci-politikalarina-hayir","og_locale":"tr_TR","og_type":"article","og_title":"Sava\u015fa ve Emperyalizmin Yay\u0131lmac\u0131 Politikalar\u0131na Hay\u0131r! | Birlik Sendikas\u0131","og_description":"Bug\u00fcn Avrupa\u2019da yeni bir sava\u015fa tan\u0131kl\u0131k ediyoruz. Uzun s\u00fcredir ABD, NATO ve AB eliyle k\u0131\u015fk\u0131rt\u0131lan gerilim bir sava\u015fa d\u00f6n\u00fc\u015ft\u00fc. Rusya\u2019n\u0131n","og_url":"https:\/\/birliksendikasi.org\/index.php\/2022\/03\/01\/savasa-ve-emperyalizmin-yayilmaci-politikalarina-hayir","og_site_name":"Birlik Sendikas\u0131","article_publisher":"https:\/\/www.facebook.com\/BirlikSendikasi","article_published_time":"2022-03-01T12:52:34+00:00","article_modified_time":"2022-03-01T12:55:03+00:00","og_image":[{"width":832,"height":468,"url":"https:\/\/birliksendikasi.org\/wp-content\/uploads\/2021\/09\/sadeceLogo.png","type":"image\/png"}],"author":"bsadmin","twitter_card":"summary_large_image","twitter_creator":"@birliksendikasi","twitter_site":"@birliksendikasi","twitter_misc":{"Yazan:":"bsadmin","Tahmini okuma s\u00fcresi":"1 dakika"},"schema":{"@context":"https:\/\/schema.org","@graph":[{"@type":"Article","@id":"https:\/\/birliksendikasi.org\/index.php\/2022\/03\/01\/savasa-ve-emperyalizmin-yayilmaci-politikalarina-hayir#article","isPartOf":{"@id":"https:\/\/birliksendikasi.org\/index.php\/2022\/03\/01\/savasa-ve-emperyalizmin-yayilmaci-politikalarina-hayir"},"author":{"name":"bsadmin","@id":"https:\/\/birliksendikasi.org\/#\/schema\/person\/19796741c85c3fcab6ab56b89aab6b4b"},"headline":"Sava\u015fa ve Emperyalizmin Yay\u0131lmac\u0131 Politikalar\u0131na Hay\u0131r!","datePublished":"2022-03-01T12:52:34+00:00","dateModified":"2022-03-01T12:55:03+00:00","mainEntityOfPage":{"@id":"https:\/\/birliksendikasi.org\/index.php\/2022\/03\/01\/savasa-ve-emperyalizmin-yayilmaci-politikalarina-hayir"},"wordCount":145,"publisher":{"@id":"https:\/\/birliksendikasi.org\/#organization"},"image":{"@id":"https:\/\/birliksendikasi.org\/index.php\/2022\/03\/01\/savasa-ve-emperyalizmin-yayilmaci-politikalarina-hayir#primaryimage"},"thumbnailUrl":"https:\/\/birliksendikasi.org\/wp-content\/uploads\/2021\/09\/sadeceLogo.png","articleSection":["Haber","Man\u015fet"],"inLanguage":"tr"},{"@type":"WebPage","@id":"https:\/\/birliksendikasi.org\/index.php\/2022\/03\/01\/savasa-ve-emperyalizmin-yayilmaci-politikalarina-hayir","url":"https:\/\/birliksendikasi.org\/index.php\/2022\/03\/01\/savasa-ve-emperyalizmin-yayilmaci-politikalarina-hayir","name":"Sava\u015fa ve Emperyalizmin Yay\u0131lmac\u0131 Politikalar\u0131na Hay\u0131r! | Birlik Sendikas\u0131","isPartOf":{"@id":"https:\/\/birliksendikasi.org\/#website"},"primaryImageOfPage":{"@id":"https:\/\/birliksendikasi.org\/index.php\/2022\/03\/01\/savasa-ve-emperyalizmin-yayilmaci-politikalarina-hayir#primaryimage"},"image":{"@id":"https:\/\/birliksendikasi.org\/index.php\/2022\/03\/01\/savasa-ve-emperyalizmin-yayilmaci-politikalarina-hayir#primaryimage"},"thumbnailUrl":"https:\/\/birliksendikasi.org\/wp-content\/uploads\/2021\/09\/sadeceLogo.png","datePublished":"2022-03-01T12:52:34+00:00","dateModified":"2022-03-01T12:55:03+00:00","breadcrumb":{"@id":"https:\/\/birliksendikasi.org\/index.php\/2022\/03\/01\/savasa-ve-emperyalizmin-yayilmaci-politikalarina-hayir#breadcrumb"},"inLanguage":"tr","potentialAction":[{"@type":"ReadAction","target":["https:\/\/birliksendikasi.org\/index.php\/2022\/03\/01\/savasa-ve-emperyalizmin-yayilmaci-politikalarina-hayir"]}]},{"@type":"ImageObject","inLanguage":"tr","@id":"https:\/\/birliksendikasi.org\/index.php\/2022\/03\/01\/savasa-ve-emperyalizmin-yayilmaci-politikalarina-hayir#primaryimage","url":"https:\/\/birliksendikasi.org\/wp-content\/uploads\/2021\/09\/sadeceLogo.png","contentUrl":"https:\/\/birliksendikasi.org\/wp-content\/uploads\/2021\/09\/sadeceLogo.png","width":832,"height":468},{"@type":"BreadcrumbList","@id":"https:\/\/birliksendikasi.org\/index.php\/2022\/03\/01\/savasa-ve-emperyalizmin-yayilmaci-politikalarina-hayir#breadcrumb","itemListElement":[{"@type":"ListItem","position":1,"name":"Ana sayfa","item":"https:\/\/birliksendikasi.org\/"},{"@type":"ListItem","position":2,"name":"Sava\u015fa ve Emperyalizmin Yay\u0131lmac\u0131 Politikalar\u0131na Hay\u0131r!"}]},{"@type":"WebSite","@id":"https:\/\/birliksendikasi.org\/#website","url":"https:\/\/birliksendikasi.org\/","name":"Birlik Sendikas\u0131","description":"G\u00fcc\u00fcm\u00fcz Birli\u011fimizdir","publisher":{"@id":"https:\/\/birliksendikasi.org\/#organization"},"potentialAction":[{"@type":"SearchAction","target":{"@type":"EntryPoint","urlTemplate":"https:\/\/birliksendikasi.org\/?s={search_term_string}"},"query-input":{"@type":"PropertyValueSpecification","valueRequired":true,"valueName":"search_term_string"}}],"inLanguage":"tr"},{"@type":"Organization","@id":"https:\/\/birliksendikasi.org\/#organization","name":"Birlik Sendikas\u0131","url":"https:\/\/birliksendikasi.org\/","logo":{"@type":"ImageObject","inLanguage":"tr","@id":"https:\/\/birliksendikasi.org\/#\/schema\/logo\/image\/","url":"https:\/\/birliksendikasi.org\/wp-content\/uploads\/2020\/12\/birlik_logo_large.png","contentUrl":"https:\/\/birliksendikasi.org\/wp-content\/uploads\/2020\/12\/birlik_logo_large.png","width":2032,"height":2212,"caption":"Birlik Sendikas\u0131"},"image":{"@id":"https:\/\/birliksendikasi.org\/#\/schema\/logo\/image\/"},"sameAs":["https:\/\/www.facebook.com\/BirlikSendikasi","https:\/\/x.com\/birliksendikasi","https:\/\/www.instagram.com\/birliksendikasi\/","https:\/\/www.youtube.com\/channel\/UCLZYFA0siLyRzLKNR75Pp_g"]},{"@type":"Person","@id":"https:\/\/birliksendikasi.org\/#\/schema\/person\/19796741c85c3fcab6ab56b89aab6b4b","name":"bsadmin","sameAs":["http:\/\/birliksendikasi.org"]}]}},"_links":{"self":[{"href":"https:\/\/birliksendikasi.org\/index.php\/wp-json\/wp\/v2\/posts\/3208","targetHints":{"allow":["GET"]}}],"collection":[{"href":"https:\/\/birliksendikasi.org\/index.php\/wp-json\/wp\/v2\/posts"}],"about":[{"href":"https:\/\/birliksendikasi.org\/index.php\/wp-json\/wp\/v2\/types\/post"}],"author":[{"embeddable":true,"href":"https:\/\/birliksendikasi.org\/index.php\/wp-json\/wp\/v2\/users\/1"}],"replies":[{"embeddable":true,"href":"https:\/\/birliksendikasi.org\/index.php\/wp-json\/wp\/v2\/comments?post=3208"}],"version-history":[{"count":3,"href":"https:\/\/birliksendikasi.org\/index.php\/wp-json\/wp\/v2\/posts\/3208\/revisions"}],"predecessor-version":[{"id":3211,"href":"https:\/\/birliksendikasi.org\/index.php\/wp-json\/wp\/v2\/posts\/3208\/revisions\/3211"}],"wp:featuredmedia":[{"embeddable":true,"href":"https:\/\/birliksendikasi.org\/index.php\/wp-json\/wp\/v2\/media\/2900"}],"wp:attachment":[{"href":"https:\/\/birliksendikasi.org\/index.php\/wp-json\/wp\/v2\/media?parent=3208"}],"wp:term":[{"taxonomy":"category","embeddable":true,"href":"https:\/\/birliksendikasi.org\/index.php\/wp-json\/wp\/v2\/categories?post=3208"},{"taxonomy":"post_tag","embeddable":true,"href":"https:\/\/birliksendikasi.org\/index.php\/wp-json\/wp\/v2\/tags?post=3208"}],"curies":[{"name":"wp","href":"https:\/\/api.w.org\/{rel}","templated":true}]}}