{"id":3480,"date":"2023-12-19T13:13:47","date_gmt":"2023-12-19T10:13:47","guid":{"rendered":"https:\/\/birliksendikasi.org\/?p=3480"},"modified":"2023-12-19T15:07:47","modified_gmt":"2023-12-19T12:07:47","slug":"bisi-national-schoolda-calisan-ogretmenler-haklarini-talep-ediyor","status":"publish","type":"post","link":"https:\/\/birliksendikasi.org\/index.php\/2023\/12\/19\/bisi-national-schoolda-calisan-ogretmenler-haklarini-talep-ediyor","title":{"rendered":"BISI National School\u2019da \u00e7al\u0131\u015fan \u00f6\u011fretmenler haklar\u0131n\u0131 talep ediyor"},"content":{"rendered":"<p><span style=\"font-weight: 400;\">\u00dclkemizde e\u011fitimin \u00f6zelle\u015ftirilmesi pek \u00e7ok hak kayb\u0131na neden olurken, \u00f6\u011fretmenler i\u00e7in s\u00f6m\u00fcr\u00fcn\u00fcn \u015fiddetinin artmas\u0131 anlam\u0131na geldi. \u00d6\u011frencilere iyi bir e\u011fitim verebilme \u00e7abas\u0131 bir yana dursun \u00f6\u011fretmenler bu \u00e7abay\u0131 g\u00f6sterirken di\u011fer yandan da haks\u0131z uygulamalar ve ekonomik s\u0131k\u0131nt\u0131larla ba\u015f etmeye \u00e7al\u0131\u015f\u0131yor. Gittik\u00e7e zorla\u015fan hayat pahal\u0131l\u0131\u011f\u0131 kar\u015f\u0131s\u0131nda ald\u0131klar\u0131 maa\u015flar\u0131n yetersiz oldu\u011funu dile getiren \u00f6\u011fretmenler enflasyon kar\u015f\u0131s\u0131nda eziliyor.\u00a0<\/span><\/p>\n<p><span style=\"font-weight: 400;\">BISI National School Istanbul\u2019da \u00e7al\u0131\u015fan \u00f6\u011fretmenler bu tablo kar\u015f\u0131s\u0131nda y\u00f6netime ilettikleri dilek\u00e7e ile haklar\u0131n\u0131 talep etti. S\u00f6zle\u015fmede; <\/span><i><span style=\"font-weight: 400;\">\u201cOcak ay\u0131nda maa\u015flara yap\u0131lacak olan iyile\u015ftirme oran\u0131n\u0131n memur \u00f6\u011fretmen maa\u015f\u0131na yap\u0131lacak oran\u0131n alt\u0131nda olmamas\u0131 ve okulumuzda \u00e7al\u0131\u015fan her bir \u00f6\u011fretmenin maa\u015f\u0131n\u0131n en d\u00fc\u015f\u00fck memur \u00f6\u011fretmen maa\u015f\u0131n\u0131n alt\u0131na kalmamas\u0131\u201d<\/span><\/i><span style=\"font-weight: 400;\"> talebini belirten \u00f6\u011fretmenlere y\u00f6netim taraf\u0131ndan herhangi bir olumlu d\u00f6n\u00fc\u015f olmad\u0131.\u00a0<\/span><\/p>\n<p><span style=\"font-weight: 400;\">Okul y\u00f6netimi, emeklerinin kar\u015f\u0131l\u0131\u011f\u0131n\u0131 talep eden \u00f6\u011fretmenlerden rahats\u0131z oldu.\u00a0<\/span><\/p>\n<p><span style=\"font-weight: 400;\">T\u00fcrl\u00fc y\u0131ld\u0131rma y\u00f6ntemlerini deneyen okul y\u00f6netimi \u00f6\u011fretmenleri taleplerinden geri atmaya zorlamaya \u00e7al\u0131\u015fsa da \u00f6\u011fretmenler hakk\u0131 olan\u0131 alma konusunda kararl\u0131.<\/span><\/p>\n<p><span style=\"font-weight: 400;\">\u0130dari d\u00fczenlemeler kar\u015f\u0131s\u0131nda her ge\u00e7en g\u00fcn daha g\u00fcvencesiz hale gelen \u00e7al\u0131\u015fma ko\u015fullar\u0131; \u00f6zel okul \u00f6\u011fretmenlerinin birlikte ve \u00f6rg\u00fctl\u00fc hareket etmekten ba\u015fka \u00e7aresi olmad\u0131\u011f\u0131n\u0131n da en a\u00e7\u0131k g\u00f6stergesi.<\/span><\/p>\n<p><span style=\"font-weight: 400;\">Biliyoruz ki; \u00f6zel okullarda bu gidi\u015fe son vermenin, patronlar\u0131n insaf\u0131na b\u0131rak\u0131lm\u0131\u015f gelece\u011fimizi elimize alman\u0131n, insanca \u00e7al\u0131\u015fma ve insanca ya\u015fama hakk\u0131m\u0131z\u0131 kazanman\u0131n, kural tan\u0131mazl\u0131\u011fa dur demenin yolu birlik olmaktan ve \u00f6rg\u00fctlenmekten ge\u00e7iyor.<\/span><\/p>\n<p><span style=\"font-weight: 400;\">Birlik Sendikas\u0131 olarak BISI National School \u00f6\u011fretmenlerinin hakl\u0131 m\u00fccadelesinde yanlar\u0131nda oldu\u011fumuzu bildiriyor ve s\u00fcrecin takip\u00e7isi olaca\u011f\u0131m\u0131z\u0131 duyuruyoruz. <\/span><\/p>\n","protected":false},"excerpt":{"rendered":"<p>\u00dclkemizde e\u011fitimin \u00f6zelle\u015ftirilmesi pek \u00e7ok hak kayb\u0131na neden olurken, \u00f6\u011fretmenler i\u00e7in s\u00f6m\u00fcr\u00fcn\u00fcn \u015fiddetinin artmas\u0131 anlam\u0131na geldi. \u00d6\u011frencilere iyi bir e\u011fitim<\/p>\n","protected":false},"author":1,"featured_media":3481,"comment_status":"closed","ping_status":"closed","sticky":false,"template":"","format":"standard","meta":{"colormag_page_container_layout":"default_layout","colormag_page_sidebar_layout":"default_layout","footnotes":""},"categories":[25,1,15,28],"tags":[],"class_list":["post-3480","post","type-post","status-publish","format-standard","has-post-thumbnail","hentry","category-basin","category-haber","category-manset","category-ozel-okul-ogretmenleri"],"yoast_head":"<!-- This site is optimized with the Yoast SEO plugin v26.7 - https:\/\/yoast.com\/wordpress\/plugins\/seo\/ -->\n<title>BISI National School\u2019da \u00e7al\u0131\u015fan \u00f6\u011fretmenler haklar\u0131n\u0131 talep ediyor | Birlik Sendikas\u0131<\/title>\n<meta name=\"robots\" content=\"index, follow, max-snippet:-1, max-image-preview:large, max-video-preview:-1\" \/>\n<link rel=\"canonical\" href=\"https:\/\/birliksendikasi.org\/index.php\/2023\/12\/19\/bisi-national-schoolda-calisan-ogretmenler-haklarini-talep-ediyor\" \/>\n<meta property=\"og:locale\" content=\"tr_TR\" \/>\n<meta property=\"og:type\" content=\"article\" \/>\n<meta property=\"og:title\" content=\"BISI National School\u2019da \u00e7al\u0131\u015fan \u00f6\u011fretmenler haklar\u0131n\u0131 talep ediyor | Birlik Sendikas\u0131\" \/>\n<meta property=\"og:description\" content=\"\u00dclkemizde e\u011fitimin \u00f6zelle\u015ftirilmesi pek \u00e7ok hak kayb\u0131na neden olurken, \u00f6\u011fretmenler i\u00e7in s\u00f6m\u00fcr\u00fcn\u00fcn \u015fiddetinin artmas\u0131 anlam\u0131na geldi. \u00d6\u011frencilere iyi bir e\u011fitim\" \/>\n<meta property=\"og:url\" content=\"https:\/\/birliksendikasi.org\/index.php\/2023\/12\/19\/bisi-national-schoolda-calisan-ogretmenler-haklarini-talep-ediyor\" \/>\n<meta property=\"og:site_name\" content=\"Birlik Sendikas\u0131\" \/>\n<meta property=\"article:publisher\" content=\"https:\/\/www.facebook.com\/BirlikSendikasi\" \/>\n<meta property=\"article:published_time\" content=\"2023-12-19T10:13:47+00:00\" \/>\n<meta property=\"article:modified_time\" content=\"2023-12-19T12:07:47+00:00\" \/>\n<meta property=\"og:image\" content=\"https:\/\/birliksendikasi.org\/wp-content\/uploads\/2023\/12\/zekeriyakoy-kampus-e1702980772644.jpg\" \/>\n\t<meta property=\"og:image:width\" content=\"1280\" \/>\n\t<meta property=\"og:image:height\" content=\"635\" \/>\n\t<meta property=\"og:image:type\" content=\"image\/jpeg\" \/>\n<meta name=\"author\" content=\"bsadmin\" \/>\n<meta name=\"twitter:card\" content=\"summary_large_image\" \/>\n<meta name=\"twitter:creator\" content=\"@birliksendikasi\" \/>\n<meta name=\"twitter:site\" content=\"@birliksendikasi\" \/>\n<meta name=\"twitter:label1\" content=\"Yazan:\" \/>\n\t<meta name=\"twitter:data1\" content=\"bsadmin\" \/>\n\t<meta name=\"twitter:label2\" content=\"Tahmini okuma s\u00fcresi\" \/>\n\t<meta name=\"twitter:data2\" content=\"2 dakika\" \/>\n<script type=\"application\/ld+json\" class=\"yoast-schema-graph\">{\"@context\":\"https:\/\/schema.org\",\"@graph\":[{\"@type\":\"Article\",\"@id\":\"https:\/\/birliksendikasi.org\/index.php\/2023\/12\/19\/bisi-national-schoolda-calisan-ogretmenler-haklarini-talep-ediyor#article\",\"isPartOf\":{\"@id\":\"https:\/\/birliksendikasi.org\/index.php\/2023\/12\/19\/bisi-national-schoolda-calisan-ogretmenler-haklarini-talep-ediyor\"},\"author\":{\"name\":\"bsadmin\",\"@id\":\"https:\/\/birliksendikasi.org\/#\/schema\/person\/19796741c85c3fcab6ab56b89aab6b4b\"},\"headline\":\"BISI National School\u2019da \u00e7al\u0131\u015fan \u00f6\u011fretmenler haklar\u0131n\u0131 talep ediyor\",\"datePublished\":\"2023-12-19T10:13:47+00:00\",\"dateModified\":\"2023-12-19T12:07:47+00:00\",\"mainEntityOfPage\":{\"@id\":\"https:\/\/birliksendikasi.org\/index.php\/2023\/12\/19\/bisi-national-schoolda-calisan-ogretmenler-haklarini-talep-ediyor\"},\"wordCount\":328,\"publisher\":{\"@id\":\"https:\/\/birliksendikasi.org\/#organization\"},\"image\":{\"@id\":\"https:\/\/birliksendikasi.org\/index.php\/2023\/12\/19\/bisi-national-schoolda-calisan-ogretmenler-haklarini-talep-ediyor#primaryimage\"},\"thumbnailUrl\":\"https:\/\/birliksendikasi.org\/wp-content\/uploads\/2023\/12\/zekeriyakoy-kampus-e1702980772644.jpg\",\"articleSection\":[\"Bas\u0131n\",\"Haber\",\"Man\u015fet\",\"\u00d6zel Okul \u00d6\u011fretmenleri ve Emek\u00e7ileri\"],\"inLanguage\":\"tr\"},{\"@type\":\"WebPage\",\"@id\":\"https:\/\/birliksendikasi.org\/index.php\/2023\/12\/19\/bisi-national-schoolda-calisan-ogretmenler-haklarini-talep-ediyor\",\"url\":\"https:\/\/birliksendikasi.org\/index.php\/2023\/12\/19\/bisi-national-schoolda-calisan-ogretmenler-haklarini-talep-ediyor\",\"name\":\"BISI National School\u2019da \u00e7al\u0131\u015fan \u00f6\u011fretmenler haklar\u0131n\u0131 talep ediyor | Birlik Sendikas\u0131\",\"isPartOf\":{\"@id\":\"https:\/\/birliksendikasi.org\/#website\"},\"primaryImageOfPage\":{\"@id\":\"https:\/\/birliksendikasi.org\/index.php\/2023\/12\/19\/bisi-national-schoolda-calisan-ogretmenler-haklarini-talep-ediyor#primaryimage\"},\"image\":{\"@id\":\"https:\/\/birliksendikasi.org\/index.php\/2023\/12\/19\/bisi-national-schoolda-calisan-ogretmenler-haklarini-talep-ediyor#primaryimage\"},\"thumbnailUrl\":\"https:\/\/birliksendikasi.org\/wp-content\/uploads\/2023\/12\/zekeriyakoy-kampus-e1702980772644.jpg\",\"datePublished\":\"2023-12-19T10:13:47+00:00\",\"dateModified\":\"2023-12-19T12:07:47+00:00\",\"breadcrumb\":{\"@id\":\"https:\/\/birliksendikasi.org\/index.php\/2023\/12\/19\/bisi-national-schoolda-calisan-ogretmenler-haklarini-talep-ediyor#breadcrumb\"},\"inLanguage\":\"tr\",\"potentialAction\":[{\"@type\":\"ReadAction\",\"target\":[\"https:\/\/birliksendikasi.org\/index.php\/2023\/12\/19\/bisi-national-schoolda-calisan-ogretmenler-haklarini-talep-ediyor\"]}]},{\"@type\":\"ImageObject\",\"inLanguage\":\"tr\",\"@id\":\"https:\/\/birliksendikasi.org\/index.php\/2023\/12\/19\/bisi-national-schoolda-calisan-ogretmenler-haklarini-talep-ediyor#primaryimage\",\"url\":\"https:\/\/birliksendikasi.org\/wp-content\/uploads\/2023\/12\/zekeriyakoy-kampus-e1702980772644.jpg\",\"contentUrl\":\"https:\/\/birliksendikasi.org\/wp-content\/uploads\/2023\/12\/zekeriyakoy-kampus-e1702980772644.jpg\",\"width\":1280,\"height\":635},{\"@type\":\"BreadcrumbList\",\"@id\":\"https:\/\/birliksendikasi.org\/index.php\/2023\/12\/19\/bisi-national-schoolda-calisan-ogretmenler-haklarini-talep-ediyor#breadcrumb\",\"itemListElement\":[{\"@type\":\"ListItem\",\"position\":1,\"name\":\"Ana sayfa\",\"item\":\"https:\/\/birliksendikasi.org\/\"},{\"@type\":\"ListItem\",\"position\":2,\"name\":\"BISI National School\u2019da \u00e7al\u0131\u015fan \u00f6\u011fretmenler haklar\u0131n\u0131 talep ediyor\"}]},{\"@type\":\"WebSite\",\"@id\":\"https:\/\/birliksendikasi.org\/#website\",\"url\":\"https:\/\/birliksendikasi.org\/\",\"name\":\"Birlik Sendikas\u0131\",\"description\":\"G\u00fcc\u00fcm\u00fcz Birli\u011fimizdir\",\"publisher\":{\"@id\":\"https:\/\/birliksendikasi.org\/#organization\"},\"potentialAction\":[{\"@type\":\"SearchAction\",\"target\":{\"@type\":\"EntryPoint\",\"urlTemplate\":\"https:\/\/birliksendikasi.org\/?s={search_term_string}\"},\"query-input\":{\"@type\":\"PropertyValueSpecification\",\"valueRequired\":true,\"valueName\":\"search_term_string\"}}],\"inLanguage\":\"tr\"},{\"@type\":\"Organization\",\"@id\":\"https:\/\/birliksendikasi.org\/#organization\",\"name\":\"Birlik Sendikas\u0131\",\"url\":\"https:\/\/birliksendikasi.org\/\",\"logo\":{\"@type\":\"ImageObject\",\"inLanguage\":\"tr\",\"@id\":\"https:\/\/birliksendikasi.org\/#\/schema\/logo\/image\/\",\"url\":\"https:\/\/birliksendikasi.org\/wp-content\/uploads\/2020\/12\/birlik_logo_large.png\",\"contentUrl\":\"https:\/\/birliksendikasi.org\/wp-content\/uploads\/2020\/12\/birlik_logo_large.png\",\"width\":2032,\"height\":2212,\"caption\":\"Birlik Sendikas\u0131\"},\"image\":{\"@id\":\"https:\/\/birliksendikasi.org\/#\/schema\/logo\/image\/\"},\"sameAs\":[\"https:\/\/www.facebook.com\/BirlikSendikasi\",\"https:\/\/x.com\/birliksendikasi\",\"https:\/\/www.instagram.com\/birliksendikasi\/\",\"https:\/\/www.youtube.com\/channel\/UCLZYFA0siLyRzLKNR75Pp_g\"]},{\"@type\":\"Person\",\"@id\":\"https:\/\/birliksendikasi.org\/#\/schema\/person\/19796741c85c3fcab6ab56b89aab6b4b\",\"name\":\"bsadmin\",\"sameAs\":[\"http:\/\/birliksendikasi.org\"]}]}<\/script>\n<!-- \/ Yoast SEO plugin. -->","yoast_head_json":{"title":"BISI National School\u2019da \u00e7al\u0131\u015fan \u00f6\u011fretmenler haklar\u0131n\u0131 talep ediyor | Birlik Sendikas\u0131","robots":{"index":"index","follow":"follow","max-snippet":"max-snippet:-1","max-image-preview":"max-image-preview:large","max-video-preview":"max-video-preview:-1"},"canonical":"https:\/\/birliksendikasi.org\/index.php\/2023\/12\/19\/bisi-national-schoolda-calisan-ogretmenler-haklarini-talep-ediyor","og_locale":"tr_TR","og_type":"article","og_title":"BISI National School\u2019da \u00e7al\u0131\u015fan \u00f6\u011fretmenler haklar\u0131n\u0131 talep ediyor | Birlik Sendikas\u0131","og_description":"\u00dclkemizde e\u011fitimin \u00f6zelle\u015ftirilmesi pek \u00e7ok hak kayb\u0131na neden olurken, \u00f6\u011fretmenler i\u00e7in s\u00f6m\u00fcr\u00fcn\u00fcn \u015fiddetinin artmas\u0131 anlam\u0131na geldi. \u00d6\u011frencilere iyi bir e\u011fitim","og_url":"https:\/\/birliksendikasi.org\/index.php\/2023\/12\/19\/bisi-national-schoolda-calisan-ogretmenler-haklarini-talep-ediyor","og_site_name":"Birlik Sendikas\u0131","article_publisher":"https:\/\/www.facebook.com\/BirlikSendikasi","article_published_time":"2023-12-19T10:13:47+00:00","article_modified_time":"2023-12-19T12:07:47+00:00","og_image":[{"width":1280,"height":635,"url":"https:\/\/birliksendikasi.org\/wp-content\/uploads\/2023\/12\/zekeriyakoy-kampus-e1702980772644.jpg","type":"image\/jpeg"}],"author":"bsadmin","twitter_card":"summary_large_image","twitter_creator":"@birliksendikasi","twitter_site":"@birliksendikasi","twitter_misc":{"Yazan:":"bsadmin","Tahmini okuma s\u00fcresi":"2 dakika"},"schema":{"@context":"https:\/\/schema.org","@graph":[{"@type":"Article","@id":"https:\/\/birliksendikasi.org\/index.php\/2023\/12\/19\/bisi-national-schoolda-calisan-ogretmenler-haklarini-talep-ediyor#article","isPartOf":{"@id":"https:\/\/birliksendikasi.org\/index.php\/2023\/12\/19\/bisi-national-schoolda-calisan-ogretmenler-haklarini-talep-ediyor"},"author":{"name":"bsadmin","@id":"https:\/\/birliksendikasi.org\/#\/schema\/person\/19796741c85c3fcab6ab56b89aab6b4b"},"headline":"BISI National School\u2019da \u00e7al\u0131\u015fan \u00f6\u011fretmenler haklar\u0131n\u0131 talep ediyor","datePublished":"2023-12-19T10:13:47+00:00","dateModified":"2023-12-19T12:07:47+00:00","mainEntityOfPage":{"@id":"https:\/\/birliksendikasi.org\/index.php\/2023\/12\/19\/bisi-national-schoolda-calisan-ogretmenler-haklarini-talep-ediyor"},"wordCount":328,"publisher":{"@id":"https:\/\/birliksendikasi.org\/#organization"},"image":{"@id":"https:\/\/birliksendikasi.org\/index.php\/2023\/12\/19\/bisi-national-schoolda-calisan-ogretmenler-haklarini-talep-ediyor#primaryimage"},"thumbnailUrl":"https:\/\/birliksendikasi.org\/wp-content\/uploads\/2023\/12\/zekeriyakoy-kampus-e1702980772644.jpg","articleSection":["Bas\u0131n","Haber","Man\u015fet","\u00d6zel Okul \u00d6\u011fretmenleri ve Emek\u00e7ileri"],"inLanguage":"tr"},{"@type":"WebPage","@id":"https:\/\/birliksendikasi.org\/index.php\/2023\/12\/19\/bisi-national-schoolda-calisan-ogretmenler-haklarini-talep-ediyor","url":"https:\/\/birliksendikasi.org\/index.php\/2023\/12\/19\/bisi-national-schoolda-calisan-ogretmenler-haklarini-talep-ediyor","name":"BISI National School\u2019da \u00e7al\u0131\u015fan \u00f6\u011fretmenler haklar\u0131n\u0131 talep ediyor | Birlik Sendikas\u0131","isPartOf":{"@id":"https:\/\/birliksendikasi.org\/#website"},"primaryImageOfPage":{"@id":"https:\/\/birliksendikasi.org\/index.php\/2023\/12\/19\/bisi-national-schoolda-calisan-ogretmenler-haklarini-talep-ediyor#primaryimage"},"image":{"@id":"https:\/\/birliksendikasi.org\/index.php\/2023\/12\/19\/bisi-national-schoolda-calisan-ogretmenler-haklarini-talep-ediyor#primaryimage"},"thumbnailUrl":"https:\/\/birliksendikasi.org\/wp-content\/uploads\/2023\/12\/zekeriyakoy-kampus-e1702980772644.jpg","datePublished":"2023-12-19T10:13:47+00:00","dateModified":"2023-12-19T12:07:47+00:00","breadcrumb":{"@id":"https:\/\/birliksendikasi.org\/index.php\/2023\/12\/19\/bisi-national-schoolda-calisan-ogretmenler-haklarini-talep-ediyor#breadcrumb"},"inLanguage":"tr","potentialAction":[{"@type":"ReadAction","target":["https:\/\/birliksendikasi.org\/index.php\/2023\/12\/19\/bisi-national-schoolda-calisan-ogretmenler-haklarini-talep-ediyor"]}]},{"@type":"ImageObject","inLanguage":"tr","@id":"https:\/\/birliksendikasi.org\/index.php\/2023\/12\/19\/bisi-national-schoolda-calisan-ogretmenler-haklarini-talep-ediyor#primaryimage","url":"https:\/\/birliksendikasi.org\/wp-content\/uploads\/2023\/12\/zekeriyakoy-kampus-e1702980772644.jpg","contentUrl":"https:\/\/birliksendikasi.org\/wp-content\/uploads\/2023\/12\/zekeriyakoy-kampus-e1702980772644.jpg","width":1280,"height":635},{"@type":"BreadcrumbList","@id":"https:\/\/birliksendikasi.org\/index.php\/2023\/12\/19\/bisi-national-schoolda-calisan-ogretmenler-haklarini-talep-ediyor#breadcrumb","itemListElement":[{"@type":"ListItem","position":1,"name":"Ana sayfa","item":"https:\/\/birliksendikasi.org\/"},{"@type":"ListItem","position":2,"name":"BISI National School\u2019da \u00e7al\u0131\u015fan \u00f6\u011fretmenler haklar\u0131n\u0131 talep ediyor"}]},{"@type":"WebSite","@id":"https:\/\/birliksendikasi.org\/#website","url":"https:\/\/birliksendikasi.org\/","name":"Birlik Sendikas\u0131","description":"G\u00fcc\u00fcm\u00fcz Birli\u011fimizdir","publisher":{"@id":"https:\/\/birliksendikasi.org\/#organization"},"potentialAction":[{"@type":"SearchAction","target":{"@type":"EntryPoint","urlTemplate":"https:\/\/birliksendikasi.org\/?s={search_term_string}"},"query-input":{"@type":"PropertyValueSpecification","valueRequired":true,"valueName":"search_term_string"}}],"inLanguage":"tr"},{"@type":"Organization","@id":"https:\/\/birliksendikasi.org\/#organization","name":"Birlik Sendikas\u0131","url":"https:\/\/birliksendikasi.org\/","logo":{"@type":"ImageObject","inLanguage":"tr","@id":"https:\/\/birliksendikasi.org\/#\/schema\/logo\/image\/","url":"https:\/\/birliksendikasi.org\/wp-content\/uploads\/2020\/12\/birlik_logo_large.png","contentUrl":"https:\/\/birliksendikasi.org\/wp-content\/uploads\/2020\/12\/birlik_logo_large.png","width":2032,"height":2212,"caption":"Birlik Sendikas\u0131"},"image":{"@id":"https:\/\/birliksendikasi.org\/#\/schema\/logo\/image\/"},"sameAs":["https:\/\/www.facebook.com\/BirlikSendikasi","https:\/\/x.com\/birliksendikasi","https:\/\/www.instagram.com\/birliksendikasi\/","https:\/\/www.youtube.com\/channel\/UCLZYFA0siLyRzLKNR75Pp_g"]},{"@type":"Person","@id":"https:\/\/birliksendikasi.org\/#\/schema\/person\/19796741c85c3fcab6ab56b89aab6b4b","name":"bsadmin","sameAs":["http:\/\/birliksendikasi.org"]}]}},"_links":{"self":[{"href":"https:\/\/birliksendikasi.org\/index.php\/wp-json\/wp\/v2\/posts\/3480","targetHints":{"allow":["GET"]}}],"collection":[{"href":"https:\/\/birliksendikasi.org\/index.php\/wp-json\/wp\/v2\/posts"}],"about":[{"href":"https:\/\/birliksendikasi.org\/index.php\/wp-json\/wp\/v2\/types\/post"}],"author":[{"embeddable":true,"href":"https:\/\/birliksendikasi.org\/index.php\/wp-json\/wp\/v2\/users\/1"}],"replies":[{"embeddable":true,"href":"https:\/\/birliksendikasi.org\/index.php\/wp-json\/wp\/v2\/comments?post=3480"}],"version-history":[{"count":1,"href":"https:\/\/birliksendikasi.org\/index.php\/wp-json\/wp\/v2\/posts\/3480\/revisions"}],"predecessor-version":[{"id":3482,"href":"https:\/\/birliksendikasi.org\/index.php\/wp-json\/wp\/v2\/posts\/3480\/revisions\/3482"}],"wp:featuredmedia":[{"embeddable":true,"href":"https:\/\/birliksendikasi.org\/index.php\/wp-json\/wp\/v2\/media\/3481"}],"wp:attachment":[{"href":"https:\/\/birliksendikasi.org\/index.php\/wp-json\/wp\/v2\/media?parent=3480"}],"wp:term":[{"taxonomy":"category","embeddable":true,"href":"https:\/\/birliksendikasi.org\/index.php\/wp-json\/wp\/v2\/categories?post=3480"},{"taxonomy":"post_tag","embeddable":true,"href":"https:\/\/birliksendikasi.org\/index.php\/wp-json\/wp\/v2\/tags?post=3480"}],"curies":[{"name":"wp","href":"https:\/\/api.w.org\/{rel}","templated":true}]}}